{"id":1060,"date":"2021-05-31T13:12:14","date_gmt":"2021-05-31T11:12:14","guid":{"rendered":"http:\/\/bpig.pl\/?p=1060"},"modified":"2021-05-31T13:12:15","modified_gmt":"2021-05-31T11:12:15","slug":"walne-zgromadzenie-czlonkow-bialskopodlaskiej-izby-gospodarczej-2","status":"publish","type":"post","link":"https:\/\/bpig.pl\/index.php\/2021\/05\/31\/walne-zgromadzenie-czlonkow-bialskopodlaskiej-izby-gospodarczej-2\/","title":{"rendered":"Walne Zgromadzenie Cz\u0142onk\u00f3w Bialskopodlaskiej Izby Gospodarczej"},"content":{"rendered":"<p><br>\n<!--StartFragment--><\/p>\n\n\n<p style=\"text-align:center\"><strong>Og\u0142oszenie o Walnym Zgromadzeniu <\/strong><\/p>\n\n\n\n<p style=\"text-align:center\"> <strong>Cz\u0142onk\u00f3w i Przedstawicieli Cz\u0142onk\u00f3w Bialskopodlaskiej Izby Gospodarczej<\/strong> <\/p>\n\n\n\n<figure class=\"wp-block-image\"><img alt=\"\"\/><\/figure>\n\n\n\n<p style=\"text-align:center\">Uprzejmie zapraszamy do wzi\u0119cia udzia\u0142u w Walnym Zgromadzeniu Cz\u0142onk\u00f3w i Przedstawicieli Cz\u0142onk\u00f3w Bialskopodlaskiej Izby Gospodarczej, kt\u00f3re odb\u0119dzie si\u0119  <\/p>\n\n\n\n<p style=\"text-align:center\"><strong>1 lipca 2021 r. o godz. 14.00 w Dworku Diana <\/strong>w S\u0142awacinku Nowym.  <\/p>\n\n\n\n<p style=\"text-align:center\">Drugi termin wyznaczony jest na godz. <strong>14.30 <\/strong>z zachowaniem daty i miejsca obrad. <\/p>\n\n\n\n<p>Proponowany porz\u0105dek obrad\nWalnego Zgromadzenia:<\/p>\n\n\n\n<ol><li>Otwarcie obrad.<\/li><li>Wyb\u00f3r Przewodnicz\u0105cego i Sekretarza Walnego Zgromadzenia.<\/li><li>Uchwalenie regulaminu obrad.<\/li><li>Wyb\u00f3r komisji.<\/li><li>Sprawozdanie z dzia\u0142alno\u015bci Rady BPIG i kierunk\u00f3w dzia\u0142ania Izby.<\/li><li>Sprawozdanie Komisji Rewizyjnej.<\/li><li>Dyskusja i rozpatrzenie wniosku Komisji Rewizyjnej w sprawie udzielenia absolutorium organom Izby za okres obj\u0119ty sprawozdaniem.<\/li><li>Rozpatrzenie zmian w Statucie BPIG. <\/li><li>Wybory w\u0142adz Bialskopodlaskiej Izby Gospodarczej \u2013 Rady BPIG oraz Komisji Rewizyjnej. <\/li><li>Wolne wnioski.<\/li><\/ol>\n\n\n\n<p style=\"text-align:right\">                                                                                                                           Leszek K. Horeglad &#8211; Prezes BPIG <\/p>\n\n\n<p><!--EndFragment--><br>\n<br>\n<\/p>","protected":false},"excerpt":{"rendered":"<p>Og\u0142oszenie o Walnym Zgromadzeniu Cz\u0142onk\u00f3w i Przedstawicieli Cz\u0142onk\u00f3w Bialskopodlaskiej Izby Gospodarczej Uprzejmie zapraszamy do wzi\u0119cia udzia\u0142u w Walnym Zgromadzeniu Cz\u0142onk\u00f3w i Przedstawicieli Cz\u0142onk\u00f3w Bialskopodlaskiej Izby Gospodarczej, kt\u00f3re odb\u0119dzie si\u0119 1 lipca 2021 r. o godz. 14.00 w Dworku Diana w S\u0142awacinku Nowym. Drugi termin wyznaczony jest na godz. 14.30 z [&hellip;]<\/p>\n","protected":false},"author":2,"featured_media":0,"comment_status":"closed","ping_status":"open","sticky":false,"template":"","format":"standard","meta":[],"categories":[5],"tags":[],"_links":{"self":[{"href":"https:\/\/bpig.pl\/index.php\/wp-json\/wp\/v2\/posts\/1060"}],"collection":[{"href":"https:\/\/bpig.pl\/index.php\/wp-json\/wp\/v2\/posts"}],"about":[{"href":"https:\/\/bpig.pl\/index.php\/wp-json\/wp\/v2\/types\/post"}],"author":[{"embeddable":true,"href":"https:\/\/bpig.pl\/index.php\/wp-json\/wp\/v2\/users\/2"}],"replies":[{"embeddable":true,"href":"https:\/\/bpig.pl\/index.php\/wp-json\/wp\/v2\/comments?post=1060"}],"version-history":[{"count":4,"href":"https:\/\/bpig.pl\/index.php\/wp-json\/wp\/v2\/posts\/1060\/revisions"}],"predecessor-version":[{"id":1064,"href":"https:\/\/bpig.pl\/index.php\/wp-json\/wp\/v2\/posts\/1060\/revisions\/1064"}],"wp:attachment":[{"href":"https:\/\/bpig.pl\/index.php\/wp-json\/wp\/v2\/media?parent=1060"}],"wp:term":[{"taxonomy":"category","embeddable":true,"href":"https:\/\/bpig.pl\/index.php\/wp-json\/wp\/v2\/categories?post=1060"},{"taxonomy":"post_tag","embeddable":true,"href":"https:\/\/bpig.pl\/index.php\/wp-json\/wp\/v2\/tags?post=1060"}],"curies":[{"name":"wp","href":"https:\/\/api.w.org\/{rel}","templated":true}]}}