{"id":1100,"date":"2021-09-15T14:28:25","date_gmt":"2021-09-15T12:28:25","guid":{"rendered":"http:\/\/bpig.pl\/?p=1100"},"modified":"2021-09-15T14:28:27","modified_gmt":"2021-09-15T12:28:27","slug":"spotkanie-dotyczace-projektu-rzadowego-programu-polski-lad","status":"publish","type":"post","link":"https:\/\/bpig.pl\/index.php\/2021\/09\/15\/spotkanie-dotyczace-projektu-rzadowego-programu-polski-lad\/","title":{"rendered":"Spotkanie dotycz\u0105ce projektu rz\u0105dowego programu Polski \u0141ad."},"content":{"rendered":"\n<p>13 wrze\u015bnia 2021 r. w siedzibie BPIG odby\u0142o si\u0119 spotkanie Rady Bialskopodlaskiej Izby Gospodarczej, Zarz\u0105du Zwi\u0105zku Przedsi\u0119biorc\u00f3w i Pracodawc\u00f3w \u201ePodlasie\u201d i przedstawiciela Zarz\u0105du Stowarzyszenia Przewo\u017anik\u00f3w z Pos\u0142ami Marcinem Duszkiem i Dariuszem Stefaniukiem. <\/p>\n\n\n\n<p>Celem spotkania by\u0142o om\u00f3wienie i przedyskutowanie propozycji rozwi\u0105za\u0144 podatkowych i innych uregulowa\u0144 fiskalnych zawartych w rz\u0105dowym programie Polski \u0141ad.<\/p>\n\n\n\n<p>Przedstawiciele organizacji zrzeszaj\u0105cych przedsi\u0119biorc\u00f3w zg\u0142osili Panom Pos\u0142om uwagi i obawy przedsi\u0119biorc\u00f3w w stosunku do nowych regulacji:<\/p>\n\n\n\n<ul><li>obszerno\u015b\u0107 zmian komplikuje a nie upraszcza regulacje prawne;<\/li><li>definicja \u201esprawiedliwo\u015bci\u201d okre\u015blona w dokumencie to nic innego jak redystrybucja dochod\u00f3w mi\u0119dzy grupami spo\u0142ecznymi; strac\u0105 z pewno\u015bci\u0105 samozatrudnieni, przedsi\u0119biorcy i lepiej zarabiaj\u0105cy pracownicy etatowi;<\/li><li>dodatkowe obci\u0105\u017cenia pracodawc\u00f3w spowoduj\u0105 spadek inwestycji<\/li><li>pytanie: czy ludziom b\u0119dzie op\u0142aca\u0142o si\u0119 pracowa\u0107? problem ze znalezieniem pracownik\u00f3w jest ju\u017c teraz;<\/li><li>podatek do wielkich korporacji \u2013 obawa, \u017ce mo\u017ce dotkn\u0105\u0107 te\u017c ma\u0142e sp\u00f3\u0142ki prawa handlowego, jak r\u00f3wnie\u017c zniech\u0119ci\u0107 potencjalnych inwestor\u00f3w zagranicznych;<\/li><li>planowane nowe regulacje i zwi\u0119kszenie obci\u0105\u017ce\u0144 podatkowych w praktyce spowoduje likwidacj\u0119 podatku liniowego;<\/li><li>Wp\u0142yw na sektor finans\u00f3w publicznych: <\/li><li>NFZ zdecydowanie zyska, ale system ochrony zdrowia nadal b\u0119dzie \u017ale funkcjonowa\u0142;<\/li><li>bud\u017cet Pa\u0144stwa straci;<\/li><li>JST (jednostki samorz\u0105du terytorialnego) strac\u0105 du\u017co przez zmniejszone wp\u0142ywy z podatk\u00f3w, a jednocze\u015bnie b\u0119d\u0105 musia\u0142y realizowa\u0107 swoje obowi\u0105zki ustawowe (np. o\u015bwiatowe) i prawdopodobnie b\u0119d\u0105 zmuszone ci\u0105\u0107 inwestycje. Tu pojawi\u0142 si\u0119 apel przedsi\u0119biorc\u00f3w, aby sprawiedliwie rozdzieli\u0107 subwencje inwestycyjne dla JST.<\/li><li>Wp\u0142yw makroekonomiczny: zwi\u0119kszona konsumpcja kosztem oszcz\u0119dno\u015bci wytworz\u0105 dodatkow\u0105 presj\u0119 inflacyjn\u0105.<\/li><\/ul>\n\n\n\n<p>Pos\u0142owie obiecali, \u017ce przeka\u017c\u0105 uwagi i obawy przedsi\u0119biorc\u00f3w do Ministerstwa Finans\u00f3w. Zaplanowane zosta\u0142o zorganizowanie kolejnego podobnego spotkania po pierwszych czytaniach projektu omawianej ustawy.<\/p>\n","protected":false},"excerpt":{"rendered":"<p>13 wrze\u015bnia 2021 r. w siedzibie BPIG odby\u0142o si\u0119 spotkanie Rady Bialskopodlaskiej Izby Gospodarczej, Zarz\u0105du Zwi\u0105zku Przedsi\u0119biorc\u00f3w i Pracodawc\u00f3w \u201ePodlasie\u201d i przedstawiciela Zarz\u0105du Stowarzyszenia Przewo\u017anik\u00f3w z Pos\u0142ami Marcinem Duszkiem i Dariuszem Stefaniukiem. Celem spotkania by\u0142o om\u00f3wienie i przedyskutowanie propozycji rozwi\u0105za\u0144 podatkowych i innych uregulowa\u0144 fiskalnych zawartych w rz\u0105dowym programie Polski [&hellip;]<\/p>\n","protected":false},"author":2,"featured_media":0,"comment_status":"closed","ping_status":"open","sticky":false,"template":"","format":"standard","meta":[],"categories":[5],"tags":[],"_links":{"self":[{"href":"https:\/\/bpig.pl\/index.php\/wp-json\/wp\/v2\/posts\/1100"}],"collection":[{"href":"https:\/\/bpig.pl\/index.php\/wp-json\/wp\/v2\/posts"}],"about":[{"href":"https:\/\/bpig.pl\/index.php\/wp-json\/wp\/v2\/types\/post"}],"author":[{"embeddable":true,"href":"https:\/\/bpig.pl\/index.php\/wp-json\/wp\/v2\/users\/2"}],"replies":[{"embeddable":true,"href":"https:\/\/bpig.pl\/index.php\/wp-json\/wp\/v2\/comments?post=1100"}],"version-history":[{"count":1,"href":"https:\/\/bpig.pl\/index.php\/wp-json\/wp\/v2\/posts\/1100\/revisions"}],"predecessor-version":[{"id":1101,"href":"https:\/\/bpig.pl\/index.php\/wp-json\/wp\/v2\/posts\/1100\/revisions\/1101"}],"wp:attachment":[{"href":"https:\/\/bpig.pl\/index.php\/wp-json\/wp\/v2\/media?parent=1100"}],"wp:term":[{"taxonomy":"category","embeddable":true,"href":"https:\/\/bpig.pl\/index.php\/wp-json\/wp\/v2\/categories?post=1100"},{"taxonomy":"post_tag","embeddable":true,"href":"https:\/\/bpig.pl\/index.php\/wp-json\/wp\/v2\/tags?post=1100"}],"curies":[{"name":"wp","href":"https:\/\/api.w.org\/{rel}","templated":true}]}}