{"id":1189,"date":"2022-04-06T14:10:00","date_gmt":"2022-04-06T12:10:00","guid":{"rendered":"http:\/\/bpig.pl\/?p=1189"},"modified":"2022-04-06T14:12:27","modified_gmt":"2022-04-06T12:12:27","slug":"lubelski-regionalny-fundusz-rozwoju","status":"publish","type":"post","link":"https:\/\/bpig.pl\/index.php\/2022\/04\/06\/lubelski-regionalny-fundusz-rozwoju\/","title":{"rendered":"Lubelski Regionalny Fundusz Rozwoju"},"content":{"rendered":"\n<div class=\"wp-block-image\"><figure class=\"aligncenter\"><img loading=\"lazy\" width=\"300\" height=\"97\" src=\"http:\/\/bpig.pl\/wp-content\/uploads\/2022\/04\/LRFR-300x97.jpg\" alt=\"\" class=\"wp-image-1190\" srcset=\"https:\/\/bpig.pl\/wp-content\/uploads\/2022\/04\/LRFR-300x97.jpg 300w, https:\/\/bpig.pl\/wp-content\/uploads\/2022\/04\/LRFR.jpg 608w\" sizes=\"(max-width: 300px) 100vw, 300px\" \/><\/figure><\/div>\n\n\n\n<p>Lubelski Regionalny Fundusz Rozwoju Sp. z o.o. Oddzia\u0142 Bia\u0142a Podlaska zaprasza do zapoznania si\u0119 z ofert\u0105 po\u017cyczkow\u0105 skierowan\u0105 do mikro, ma\u0142ych i \u015brednich przedsi\u0119biorstw.&nbsp; <\/p>\n\n\n\n<p>Kontakt: Dyrektor Oddzia\u0142u Robert S\u0142awi\u0144ski: 797&nbsp;815&nbsp;365, Specjalista ds. sprzeda\u017cy i obs\u0142ugi Sylwia Naumiuk &#8211; 573&nbsp;779 815.<\/p>\n\n\n\n<p>&#8222;<em>Lubelski Regionalny Fundusz Rozwoju Sp\u00f3\u0142ka z ograniczon\u0105 odpowiedzialno\u015bci\u0105 zosta\u0142 powo\u0142any z inicjatywy Zarz\u0105du Wojew\u00f3dztwa Lubelskiego w celu opracowania oraz realizacji wieloletniego programu inwestycyjnego wsparcia mikro, ma\u0142ych i \u015brednich przedsi\u0119biorstw. Misja powierzona Funduszowi polega na zbudowaniu regionalnego systemu finansowania Wojew\u00f3dztwa Lubelskiego opartego na instrumentach finansowych.<\/em><\/p>\n\n\n\n<p><em>Podstawowym\ncelem wdra\u017canego programu jest stworzenie sprzyjaj\u0105cych warunk\u00f3w wspieraj\u0105cych\nrozw\u00f3j przedsi\u0119biorczo\u015bci na terenie wojew\u00f3dztwa lubelskiego poprzez oferowanie\nzwrotnych instrument\u00f3w finansowych w postaci: po\u017cyczek, por\u0119cze\u0144 oraz wej\u015b\u0107\nkapita\u0142owych (np.: Venture Capital).<\/em><\/p>\n\n\n\n<p><em>Oferta\nLubelskiego Regionalnego Funduszu Rozwoju Sp\u00f3\u0142ki z ograniczon\u0105\nodpowiedzialno\u015bci\u0105 skierowana jest do mikro, ma\u0142ych i \u015brednich przedsi\u0119biorstw,\nkt\u00f3rych siedziba, oddzia\u0142, filia przedsi\u0119biorcy prowadz\u0105cego dzia\u0142alno\u015b\u0107\ngospodarcz\u0105, zarejestrowana jest na terenie Wojew\u00f3dztwa Lubelskiego.<\/em><\/p>\n\n\n\n<p><em>Dzia\u0142amy\nw obszarze wsparcia os\u00f3b prowadz\u0105cych oraz planuj\u0105cych rozpocz\u0119cie w\u0142asnej\ndzia\u0142alno\u015bci gospodarczej.<\/em><\/p>\n\n\n\n<p><em>Oferta\nkierowana jest r\u00f3wnie\u017c do&nbsp;start-up\u00f3w \u2013 inwestor\u00f3w na etapie organizacyjnym\nlub we wczesnej fazie rozwoju, dzia\u0142aj\u0105cych w obszarach, kt\u00f3re w oparciu o\nStrategi\u0119 Rozwoju Wojew\u00f3dztwa Lubelskiego w perspektywie do 2030 r. oraz\nRegionalne Programy Operacyjne chc\u0105 wykorzystywa\u0107 potencja\u0142y Lubelszczyzny.<\/em><\/p>\n\n\n\n<p><em>Lubelski\nRegionalny Fundusz Rozwoju Sp\u00f3\u0142ka z ograniczon\u0105 odpowiedzialno\u015bci\u0105 jest sp\u00f3\u0142k\u0105\nsamorz\u0105dow\u0105 realizuj\u0105c\u0105 zadania publiczne. Zosta\u0142a utworzona na podstawie\nUchwa\u0142y Nr XXII\/354\/2020 Sejmiku Wojew\u00f3dztwa Lubelskiego z dnia 21 grudnia 2020\nr., oraz Uchwa\u0142y Nr CCLV\/4549\/2021 Zarz\u0105du Wojew\u00f3dztwa Lubelskiego z dnia 20\nkwietnia 2021 r. Kapita\u0142 zak\u0142adowy sp\u00f3\u0142ki wynosi 3.500.000,00 PLN i w ca\u0142o\u015bci\nzosta\u0142 pokryty przez Wojew\u00f3dztwo Lubelskie. Siedzib\u0105 Sp\u00f3\u0142ki jest miasto Lublin\n\u2013 ul. Artura Grottgera 2, budynek Lubelskiego Centrum Konferencyjnego w\nLublinie. Obszar dzia\u0142alno\u015bci obejmuje Rzeczpospolit\u0105 Polsk\u0119 oraz terytorium\npoza jej granicami.<\/em><\/p>\n\n\n\n<p><em>Szczeg\u00f3\u0142owe informacje dotycz\u0105ce Lubelskiego Regionalnego Funduszu Rozwoju dost\u0119pne s\u0105 na stronie internetowej Sp\u00f3\u0142ki, pod adresem: <\/em><a rel=\"noreferrer noopener\" href=\"http:\/\/www.lrfr-lubelskie.pl\" target=\"_blank\"><em>www.lrfr-lubelskie.pl<\/em><\/a>&#8222;<\/p>\n\n\n\n<p><em>\u017ar\u00f3d\u0142o:\nLubelski Regionalny Fundusz Rozwoju<\/em><\/p>\n","protected":false},"excerpt":{"rendered":"<p>Lubelski Regionalny Fundusz Rozwoju Sp. z o.o. Oddzia\u0142 Bia\u0142a Podlaska zaprasza do zapoznania si\u0119 z ofert\u0105 po\u017cyczkow\u0105 skierowan\u0105 do mikro, ma\u0142ych i \u015brednich przedsi\u0119biorstw.&nbsp; Kontakt: Dyrektor Oddzia\u0142u Robert S\u0142awi\u0144ski: 797&nbsp;815&nbsp;365, Specjalista ds. sprzeda\u017cy i obs\u0142ugi Sylwia Naumiuk &#8211; 573&nbsp;779 815. &#8222;Lubelski Regionalny Fundusz Rozwoju Sp\u00f3\u0142ka z ograniczon\u0105 odpowiedzialno\u015bci\u0105 zosta\u0142 powo\u0142any [&hellip;]<\/p>\n","protected":false},"author":2,"featured_media":0,"comment_status":"closed","ping_status":"open","sticky":false,"template":"","format":"standard","meta":[],"categories":[5],"tags":[],"_links":{"self":[{"href":"https:\/\/bpig.pl\/index.php\/wp-json\/wp\/v2\/posts\/1189"}],"collection":[{"href":"https:\/\/bpig.pl\/index.php\/wp-json\/wp\/v2\/posts"}],"about":[{"href":"https:\/\/bpig.pl\/index.php\/wp-json\/wp\/v2\/types\/post"}],"author":[{"embeddable":true,"href":"https:\/\/bpig.pl\/index.php\/wp-json\/wp\/v2\/users\/2"}],"replies":[{"embeddable":true,"href":"https:\/\/bpig.pl\/index.php\/wp-json\/wp\/v2\/comments?post=1189"}],"version-history":[{"count":4,"href":"https:\/\/bpig.pl\/index.php\/wp-json\/wp\/v2\/posts\/1189\/revisions"}],"predecessor-version":[{"id":1196,"href":"https:\/\/bpig.pl\/index.php\/wp-json\/wp\/v2\/posts\/1189\/revisions\/1196"}],"wp:attachment":[{"href":"https:\/\/bpig.pl\/index.php\/wp-json\/wp\/v2\/media?parent=1189"}],"wp:term":[{"taxonomy":"category","embeddable":true,"href":"https:\/\/bpig.pl\/index.php\/wp-json\/wp\/v2\/categories?post=1189"},{"taxonomy":"post_tag","embeddable":true,"href":"https:\/\/bpig.pl\/index.php\/wp-json\/wp\/v2\/tags?post=1189"}],"curies":[{"name":"wp","href":"https:\/\/api.w.org\/{rel}","templated":true}]}}