{"id":1463,"date":"2023-06-24T20:00:00","date_gmt":"2023-06-24T18:00:00","guid":{"rendered":"https:\/\/bpig.pl\/?p=1463"},"modified":"2023-07-04T13:32:55","modified_gmt":"2023-07-04T11:32:55","slug":"wyniki-konkursu-nagroda-biznesowa-bpig-edycja-xi-za-2022-rok","status":"publish","type":"post","link":"https:\/\/bpig.pl\/index.php\/2023\/06\/24\/wyniki-konkursu-nagroda-biznesowa-bpig-edycja-xi-za-2022-rok\/","title":{"rendered":"Wyniki konkursu \u201eNagroda Biznesowa BPIG \u2013 Edycja XI \u2013 za 2022 rok\u201d"},"content":{"rendered":"\n<p><\/p>\n\n\n\n<p><strong>24 czerwca, podczas Bialskiego Dnia Przedsi\u0119biorczo\u015bci, po raz 11. wr\u0119czono Nagrody Biznesowe Bialskopodlaskiej Izby Gospodarczej. Uroczysto\u015b\u0107 odby\u0142a si\u0119 w bialskim amfiteatrze. Widzowie obejrzeli wyst\u0119py artyst\u00f3w kabaretowych.<\/strong><\/p>\n\n\n\n<p>&#8211; Na co dzie\u0144 zmartwie\u0144 nam, przedsi\u0119biorcom, nie brakuje, dlatego postanowili\u015bmy \u015bwi\u0119towa\u0107 na weso\u0142o, s\u0142uchaj\u0105c fenomenalnych artyst\u00f3w pokroju Andrzeja Grabowskiego. Cieszy du\u017ca frekwencja, ale jeszcze bardziej raduje spora liczba zg\u0142osze\u0144 do wszystkich kategorii nagr\u00f3d Bialskopodlaskiej Izby Gospodarczej. Duch przedsi\u0119biorczo\u015bci ma si\u0119 dobrze, mimo niesprzyjaj\u0105cego otoczenia gospodarczego, rosn\u0105cych koszt\u00f3w prowadzenia dzia\u0142alno\u015bci czy dwucyfrowej inflacji. Nagrod\u0119 g\u0142\u00f3wn\u0105 otrzyma\u0142 Eugeniusz Izdebski, prezes Budomexu, ale tak\u017ce by\u0142y prezes naszej Izby, ikona bialskich przedsi\u0119biorc\u00f3w i nasz ambasador w \u015bwiecie \u2013 <strong>powiedzia\u0142 Jaros\u0142aw \u0141epecki, prezes Bialskopodlaskiej Izby Gospodarczej.<\/strong><\/p>\n\n\n\n<p>Celem wydarzenia w bialskim amfiteatrze by\u0142a promocja przedsi\u0119biorczo\u015bci i kszta\u0142towanie pozytywnego wizerunku Po\u0142udniowego Podlasia jako dogodnego obszaru do prowadzenia dzia\u0142alno\u015bci gospodarczej i przyjaznych rozwi\u0105za\u0144 tworzonych przez samorz\u0105dy lokalne.<\/p>\n\n\n\n<p><\/p>\n\n\n\n<p><strong>Nagrody wr\u0119czyli:<\/strong><\/p>\n\n\n\n<p>Prezydent Miasta Bia\u0142a Podlaska Micha\u0142 Litwiniuk,<\/p>\n\n\n\n<p>Przewodnicz\u0105ca Kapitu\u0142y Magdalena Jaworska-Kucharczuk &#8211; Wiceprezes Bialskopodlaskiej Izby Gospodarczej,<\/p>\n\n\n\n<p>Prezes Bialskopodlaskiej Izby Gospodarczej Jaros\u0142aw \u0141epecki,<\/p>\n\n\n\n<p>W imieniu Starosty Bialskiego Mariusza Filipiuka Pani Ma\u0142gorzata Kad\u0142ubowska &#8211; Zast\u0119pca Dyrektora Wydzia\u0142u Spraw Spo\u0142ecznych Starostwa Powiatowego,<\/p>\n\n\n\n<p>Pawe\u0142 Mincewicz Prezes Banku Sp\u00f3\u0142dzielczego w Bia\u0142ej Podlaskiej \u2013 Partner Nagrody.<\/p>\n\n\n\n<p><\/p>\n\n\n\n<p><strong>Laureaci konkursu Nagroda Biznesowa BPIG \u2013 Edycja XI \u2013 za 2022 rok:<\/strong><\/p>\n\n\n\n<p><\/p>\n\n\n\n<ol><li><strong>W kategorii \u201eUdany Start\u201d nagrod\u0119 utrzyma\u0142a <a href=\"https:\/\/www.facebook.com\/kwiaciarniawbukietciete\">Kwiaciarnia \u201eW bukiet ci\u0119te\u201d Justyna Korgul.<\/a><\/strong><\/li><\/ol>\n\n\n\n<p>Kwiaciarnia \u201eW bukiet ci\u0119te\u201d to mikroprzedsi\u0119biorstwo Pani Justyny Korgul, kt\u00f3re wystartowa\u0142o w trudnym dla wszystkich 2020 roku. Miejsce to powsta\u0142o z mi\u0142o\u015bci do kwiat\u00f3w jako po\u0142\u0105czenie pomys\u0142u na biznes z autentyczn\u0105 pasj\u0105 za\u0142o\u017cycielki. Firma w ofercie ma te\u017c us\u0142ugi dekorowania sal i obs\u0142ugi florystycznej \u015blub\u00f3w czy&nbsp; bankiet\u00f3w.&nbsp; Dob\u00f3r kwiat\u00f3w i kompozycje jakie Tworzy Pani Justyna s\u0105 niepowtarzalne i niespotykane na naszym rynku.&nbsp; W zesz\u0142ym roku Justyna Korgul poszerzy\u0142a dzia\u0142alno\u015b\u0107 o ekologiczn\u0105 farm\u0119 kwiatow\u0105, kt\u00f3r\u0105 uprawia ze wsp\u00f3\u0142pracownikami. Poza tym dzia\u0142a na rzecz aktywizacji kobiet organizuj\u0105c r\u00f3\u017cnego rodzaju warsztaty r\u0119kodzie\u0142a: wicie wiank\u00f3w, warsztaty z makramy,&nbsp; z suszonych ro\u015blin, z wianakow bo\u017conoradzeniowych i wielkanocnych.<\/p>\n\n\n\n<p><\/p>\n\n\n\n<p><strong>2. W kategorii \u201eInnowacyjna Firma\u201d nagrod\u0119 otrzyma\u0142 <a href=\"https:\/\/kolejowyserwismobilny.pl\/\">Kolejowy Serwis Mobilny Sp. z o.o.<\/a><\/strong><\/p>\n\n\n\n<p>Kolejowy Serwis Mobilny Sp. z o. o. jest pr\u0119\u017cnie rozwijaj\u0105cym si\u0119 przedsi\u0119biorstwem zajmuj\u0105cym si\u0119 utrzymaniem, diagnostyk\u0105, napraw\u0105 i przegl\u0105dami wagon\u00f3w towarowych, spalinowych i elektrycznych lokomotyw, kontener\u00f3w czy ci\u0105gnik\u00f3w szynowo-drogowych w ca\u0142ej Polsce oraz poza granicami.<\/p>\n\n\n\n<p>Firma jako jedyna w Polsce oferuje us\u0142ugi w zakresie wypo\u017cyczalnia ci\u0105gnik\u00f3w szynowo-drogowych i zast\u0119pczych ci\u0105gnik\u00f3w szynowo-drogowych na czas naprawy z mo\u017cliwo\u015bci\u0105 dostarczenia do miejsca awarii.<\/p>\n\n\n\n<p>Kolejowy Serwis Mobilny Sp. z o.o. stworzy\u0142a r\u00f3wnie\u017c prototyp urz\u0105dzenia do prostowania \u015bcian bocznych i czo\u0142owych kontener\u00f3w morskich i magazynowych oraz w wagonach towarowych w\u0119glarkach (z\u0142o\u017cony zosta\u0142 wniosek do Urz\u0119du Patentowego o rejestracj\u0119).<\/p>\n\n\n\n<p>Przedsi\u0119biorstwo korzysta z szeregu innych innowacyjnych i specjalistycznych urz\u0105dze\u0144, niezb\u0119dnych w kompleksowej realizacji zlece\u0144.<\/p>\n\n\n\n<p>W\u0142a\u015bcicielami firmy s\u0105 El\u017cbieta i S\u0142awomir Deniccy.<\/p>\n\n\n\n<p><\/p>\n\n\n\n<p><strong>3. W kategorii \u201eLider Przedsi\u0119biorczo\u015bci\u201d nagrod\u0119 otrzyma\u0142a firma MarkoFood Ewa Michalak prowadz\u0105ca <a href=\"https:\/\/effective-med.pl\/kontakt\/\">Gabinet kosmetologiczny Effective Med<\/a>.<\/strong><\/p>\n\n\n\n<p>MarkoFood Ewa Michalak to firma prowadzona od 2014 roku. G\u0142\u00f3wna dzia\u0142alno\u015bci\u0105 firmy do czasu utworzenia gabinetu kosmetologicznego Effective Med by\u0142a dystrybucja i sprzeda\u017c przypraw pod mark\u0105 \u201eMarkoFood Ewa Michalak\u201d dla zak\u0142ad\u00f3w mi\u0119snych.<\/p>\n\n\n\n<p>W 2021 roku firma otworzy\u0142a w Bia\u0142ej Podlaskiej gabinet kosmetologiczny Effective Med, kt\u00f3ry oferuje szeroki zakres zabieg\u00f3w kosmetycznych i medycyny estetycznej, prowadzonych przez do\u015bwiadczonych specjalist\u00f3w z dziedziny kosmetologii oraz medycyny.<\/p>\n\n\n\n<p>W nieca\u0142e dwa lata Ewa Michalak zbudowa\u0142a dobrze prosperuj\u0105cy, obecnie 5-osobowy gabinet z poka\u017an\u0105 baz\u0105 zadowolonych klientek i klient\u00f3w oraz znacz\u0105c\u0105 spo\u0142eczno\u015bci\u0105 online. Firma korzysta z innowacyjnych rozwi\u0105za\u0144 i nowoczesnych technologii, m.in. takich urz\u0105dze\u0144 jak laserowy iniektor kwasu hialuronowego, kt\u00f3re nie tylko gwarantuj\u0105 rezultaty upi\u0119kszaj\u0105ce ale r\u00f3wnie\u017c pomagaj\u0105 walczy\u0107 z licznymi problemami zar\u00f3wno u kobiet jak i m\u0119\u017cczyzn.<\/p>\n\n\n\n<p><\/p>\n\n\n\n<p><strong>W kategorii \u201eLider Przedsi\u0119biorczo\u015bci\u201d Kapitu\u0142a przyzna\u0142a r\u00f3wnie\u017c wyr\u00f3\u017cnienie Gospodarstwu Rolnemu \u0141ukasz \u0141aziuk.<\/strong><\/p>\n\n\n\n<p>Gospodarstwo prowadzi upraw\u0119 pieczarek od 2009 r. W latach 2019-2022 zwi\u0119kszy\u0142o powierzchni\u0119 uprawy o 17064 m2 daj\u0105c finalny wynik 21024 m2 \u0142\u0105cznej powierzchni uprawowej.<\/p>\n\n\n\n<p>Zmodernizowany zosta\u0142 r\u00f3wnie\u017c system grzewczy i ch\u0142odniczy, zamontowano pomp\u0119 ciep\u0142a, instalacj\u0119 fotowoltaiczn\u0105 oraz zosta\u0142y zastosowane automatyczne w\u00f3zki do zbioru. Zakupiono te\u017c nowoczesne automatyczne maszyny do za\u0142adunku i wy\u0142adunku pod\u0142o\u017ca.<\/p>\n\n\n\n<p><\/p>\n\n\n\n<p><strong>4. W kategorii \u201ePrzedsi\u0119biorca Roku\u201d nagrod\u0119 otrzyma\u0142 Eugeniusz Izdebski prezes <a href=\"https:\/\/www.budomex.eu\/\">P.W. BUDOMEX Sp. z o.o.&nbsp;<\/a><\/strong><\/p>\n\n\n\n<p>Pan Eugeniusz Izdebski to od lat ambasador bialskiej przedsi\u0119biorczo\u015bci w \u015bwiecie. Jest jednym z najbardziej cenionych przedstawicieli bialskiego biznesu. Wsp\u00f3\u0142tworzy\u0142 i rozwija przedsi\u0119biorstwo P.W. BUDOMEX Sp. z o.o., kt\u00f3re z lokalnej firmy budowlanej przekszta\u0142ci\u0142o si\u0119 w og\u00f3lnopolsk\u0105 firm\u0119 dewelopersk\u0105. Co dla nas niezwykle wa\u017cne, Eugeniusz Izdebski jest cz\u0142onkiem za\u0142o\u017cycielem Bialskopodlaskiej Izby Gospodarczej. Od pocz\u0105tku jej istnienia by\u0142 wiceprezesem a w latach 2003-2019 &#8211;&nbsp; prezesem BPIG.<\/p>\n\n\n\n<p>Pan Eugeniusz Izdebski to autentyczny pasjonat samorz\u0105du gospodarczego o ogromnym autorytecie w \u015brodowisku przedsi\u0119biorc\u00f3w i uznaniu u przedstawicieli w\u0142adz samorz\u0105dowo-administracyjnych. Dzia\u0142alno\u015b\u0107 biznesow\u0105 prowadzi z zachowaniem najwy\u017cszych standard\u00f3w etycznych, a jego rzetelno\u015b\u0107 w biznesie jest powszechnie znana w \u015brodowisku bialskich przedsi\u0119biorc\u00f3w.<\/p>\n\n\n\n<p><\/p>\n\n\n\n<p><strong>W kategorii \u201ePrzedsi\u0119biorca Roku\u201d Kapitu\u0142a przyzna\u0142a r\u00f3wnie\u017c wyr\u00f3\u017cnienie Panu Zenonowi \u015aledziowi, w\u0142a\u015bcicielowi firmy <a href=\"https:\/\/www.facebook.com\/profile.php?id=100054229490297\">Zak\u0142ad Instalatorstwa Sanitarnego Zenon \u015aled\u017a<\/a>.<\/strong><\/p>\n\n\n\n<p>Pan Zenon \u015aled\u017a od wielu lat dzia\u0142a spo\u0142ecznie w organizacjach rzemie\u015blniczych. Od dziesi\u0119cioleci jest cz\u0142onkiem Zarz\u0105du Izby Rzemie\u015blniczej w Lublinie, Podstarszym Cechu Rzemie\u015blnik\u00f3w i Przedsi\u0119biorc\u00f3w w Bia\u0142ej Podlaskiej oraz cz\u0142onkiem Polubownego S\u0105du Kole\u017ce\u0144skiego przy Zwi\u0105zku Rzemios\u0142a Polskiego. Od roku 1978 prowadzi z sukcesami dzia\u0142alno\u015b\u0107 gospodarcz\u0105 pod nazw\u0105 Zak\u0142ad Instalatorstwa Sanitarnego Zenon \u015aled\u017a.<\/p>\n","protected":false},"excerpt":{"rendered":"<p>24 czerwca, podczas Bialskiego Dnia Przedsi\u0119biorczo\u015bci, po raz 11. wr\u0119czono Nagrody Biznesowe Bialskopodlaskiej Izby Gospodarczej. Uroczysto\u015b\u0107 odby\u0142a si\u0119 w bialskim amfiteatrze. Widzowie obejrzeli wyst\u0119py artyst\u00f3w kabaretowych. &#8211; Na co dzie\u0144 zmartwie\u0144 nam, przedsi\u0119biorcom, nie brakuje, dlatego postanowili\u015bmy \u015bwi\u0119towa\u0107 na weso\u0142o, s\u0142uchaj\u0105c fenomenalnych artyst\u00f3w pokroju Andrzeja Grabowskiego. Cieszy du\u017ca frekwencja, ale [&hellip;]<\/p>\n","protected":false},"author":2,"featured_media":0,"comment_status":"closed","ping_status":"closed","sticky":false,"template":"","format":"standard","meta":[],"categories":[5],"tags":[],"_links":{"self":[{"href":"https:\/\/bpig.pl\/index.php\/wp-json\/wp\/v2\/posts\/1463"}],"collection":[{"href":"https:\/\/bpig.pl\/index.php\/wp-json\/wp\/v2\/posts"}],"about":[{"href":"https:\/\/bpig.pl\/index.php\/wp-json\/wp\/v2\/types\/post"}],"author":[{"embeddable":true,"href":"https:\/\/bpig.pl\/index.php\/wp-json\/wp\/v2\/users\/2"}],"replies":[{"embeddable":true,"href":"https:\/\/bpig.pl\/index.php\/wp-json\/wp\/v2\/comments?post=1463"}],"version-history":[{"count":2,"href":"https:\/\/bpig.pl\/index.php\/wp-json\/wp\/v2\/posts\/1463\/revisions"}],"predecessor-version":[{"id":1476,"href":"https:\/\/bpig.pl\/index.php\/wp-json\/wp\/v2\/posts\/1463\/revisions\/1476"}],"wp:attachment":[{"href":"https:\/\/bpig.pl\/index.php\/wp-json\/wp\/v2\/media?parent=1463"}],"wp:term":[{"taxonomy":"category","embeddable":true,"href":"https:\/\/bpig.pl\/index.php\/wp-json\/wp\/v2\/categories?post=1463"},{"taxonomy":"post_tag","embeddable":true,"href":"https:\/\/bpig.pl\/index.php\/wp-json\/wp\/v2\/tags?post=1463"}],"curies":[{"name":"wp","href":"https:\/\/api.w.org\/{rel}","templated":true}]}}