{"id":1576,"date":"2024-02-28T10:33:00","date_gmt":"2024-02-28T09:33:00","guid":{"rendered":"https:\/\/bpig.pl\/?p=1576"},"modified":"2024-03-13T10:44:46","modified_gmt":"2024-03-13T09:44:46","slug":"spotkanie-czlonkowskie-pt-prawa-i-obowiazki-przedsiebiorcy-wzgledem-konsumenta","status":"publish","type":"post","link":"https:\/\/bpig.pl\/index.php\/2024\/02\/28\/spotkanie-czlonkowskie-pt-prawa-i-obowiazki-przedsiebiorcy-wzgledem-konsumenta\/","title":{"rendered":"Spotkanie Cz\u0142onkowskie pt. \u201ePrawa i obowi\u0105zki przedsi\u0119biorcy wzgl\u0119dem konsumenta\u201d"},"content":{"rendered":"\n<p class=\"has-text-align-center\">Zapraszamy na<\/p>\n\n\n\n<p class=\"has-text-align-center has-medium-font-size\"><strong><u>Cz\u0142onkowskie Spotkanie BPIG <\/u><\/strong><\/p>\n\n\n\n<p class=\"has-text-align-center has-medium-font-size\"><strong><u>pt. \u201ePrawa i obowi\u0105zki przedsi\u0119biorcy wzgl\u0119dem konsumenta\u201d<\/u><\/strong>, <\/p>\n\n\n\n<p class=\"has-text-align-center has-medium-font-size\">kt\u00f3re odb\u0119dzie si\u0119 <strong>11 marca 2024 r. (poniedzia\u0142ek) o godz. 12.00 w siedzibie Izby<\/strong> <\/p>\n\n\n\n<p class=\"has-text-align-center has-medium-font-size\">przy ul. Brzeskiej 1 w Bia\u0142ej Podlaskiej.<\/p>\n\n\n\n<p class=\"has-text-align-center\">Do udzia\u0142u w spotkaniu zaprosili\u015bmy Pani\u0105 Jolant\u0119 Marczuk \u2013 Miejskiego Rzecznika Konsument\u00f3w w Bia\u0142ej Podlaskiej i Pani\u0105 Ew\u0119 Tymoszuk \u2013 Powiatowego Rzecznika Konsument\u00f3w.<\/p>\n\n\n\n<p><\/p>\n\n\n\n<p class=\"has-text-align-center\">Zg\u0142oszenia udzia\u0142u do 6.03.2024 r. na adres: <a href=\"mailto:biuro@bpig.pl\">biuro@bpig.pl<\/a> lub tel. 507-822-088.<\/p>\n\n\n\n<p class=\"has-text-align-right\">Serdecznie zapraszamy!<\/p>\n","protected":false},"excerpt":{"rendered":"<p>Zapraszamy na Cz\u0142onkowskie Spotkanie BPIG pt. \u201ePrawa i obowi\u0105zki przedsi\u0119biorcy wzgl\u0119dem konsumenta\u201d, kt\u00f3re odb\u0119dzie si\u0119 11 marca 2024 r. (poniedzia\u0142ek) o godz. 12.00 w siedzibie Izby przy ul. Brzeskiej 1 w Bia\u0142ej Podlaskiej. Do udzia\u0142u w spotkaniu zaprosili\u015bmy Pani\u0105 Jolant\u0119 Marczuk \u2013 Miejskiego Rzecznika Konsument\u00f3w w Bia\u0142ej Podlaskiej i Pani\u0105 [&hellip;]<\/p>\n","protected":false},"author":2,"featured_media":0,"comment_status":"closed","ping_status":"closed","sticky":false,"template":"","format":"standard","meta":[],"categories":[5],"tags":[],"_links":{"self":[{"href":"https:\/\/bpig.pl\/index.php\/wp-json\/wp\/v2\/posts\/1576"}],"collection":[{"href":"https:\/\/bpig.pl\/index.php\/wp-json\/wp\/v2\/posts"}],"about":[{"href":"https:\/\/bpig.pl\/index.php\/wp-json\/wp\/v2\/types\/post"}],"author":[{"embeddable":true,"href":"https:\/\/bpig.pl\/index.php\/wp-json\/wp\/v2\/users\/2"}],"replies":[{"embeddable":true,"href":"https:\/\/bpig.pl\/index.php\/wp-json\/wp\/v2\/comments?post=1576"}],"version-history":[{"count":2,"href":"https:\/\/bpig.pl\/index.php\/wp-json\/wp\/v2\/posts\/1576\/revisions"}],"predecessor-version":[{"id":1578,"href":"https:\/\/bpig.pl\/index.php\/wp-json\/wp\/v2\/posts\/1576\/revisions\/1578"}],"wp:attachment":[{"href":"https:\/\/bpig.pl\/index.php\/wp-json\/wp\/v2\/media?parent=1576"}],"wp:term":[{"taxonomy":"category","embeddable":true,"href":"https:\/\/bpig.pl\/index.php\/wp-json\/wp\/v2\/categories?post=1576"},{"taxonomy":"post_tag","embeddable":true,"href":"https:\/\/bpig.pl\/index.php\/wp-json\/wp\/v2\/tags?post=1576"}],"curies":[{"name":"wp","href":"https:\/\/api.w.org\/{rel}","templated":true}]}}