{"id":1606,"date":"2024-04-04T15:22:00","date_gmt":"2024-04-04T13:22:00","guid":{"rendered":"https:\/\/bpig.pl\/?p=1606"},"modified":"2024-04-05T11:26:25","modified_gmt":"2024-04-05T09:26:25","slug":"spotkanie-otwarte-pt-dajmy-glos-kobietom-kobiece-spojrzenie-na-biznes-i-lokalna-spolecznosc-porozmawiajmy-o-potrzebach-mozliwosciach-i-pomyslach","status":"publish","type":"post","link":"https:\/\/bpig.pl\/index.php\/2024\/04\/04\/spotkanie-otwarte-pt-dajmy-glos-kobietom-kobiece-spojrzenie-na-biznes-i-lokalna-spolecznosc-porozmawiajmy-o-potrzebach-mozliwosciach-i-pomyslach\/","title":{"rendered":"Spotkanie otwarte pt. \u201eDajmy g\u0142os kobietom. Kobiece spojrzenie na biznes i lokaln\u0105 spo\u0142eczno\u015b\u0107. Porozmawiajmy o potrzebach, mo\u017cliwo\u015bciach i pomys\u0142ach\u201d."},"content":{"rendered":"\n<p class=\"has-text-align-center has-medium-font-size\">Serdecznie zapraszamy na otwarte spotkanie pt.<\/p>\n\n\n\n<p class=\"has-text-align-center has-medium-font-size\"><strong> \u201eDajmy g\u0142os kobietom. Kobiece spojrzenie na biznes i lokaln\u0105 spo\u0142eczno\u015b\u0107. Porozmawiajmy o potrzebach, mo\u017cliwo\u015bciach i pomys\u0142ach<\/strong>\u201d.<\/p>\n\n\n\n<p>Spotkanie o charakterze warsztatowo-integracyjnym ma na celu zwi\u0119kszenie aktywno\u015bci kobiet w dzia\u0142alno\u015bci naszej Izby i zbudowanie wzajemnych relacji.<\/p>\n\n\n\n<p><\/p>\n\n\n\n<p>Termin: <strong>12 kwietnia 2024 r. (pi\u0105tek) godz. 17.00<\/strong><\/p>\n\n\n\n<p>Miejsce: <strong>siedziba BPIG (ul. Brzeska 1 lok. 7, Bia\u0142a Podlaska)<\/strong><\/p>\n\n\n\n<p>Osoby zainteresowane udzia\u0142em prosimy o zg\u0142oszenia w terminie do 10 kwietnia br.: tel. 507-822-088 lub <a href=\"mailto:biuro@bpig.pl\">biuro@bpig.pl<\/a>.<\/p>\n\n\n\n<p>Serdecznie zapraszamy wszystkie przedsi\u0119biorcze kobiety!<\/p>\n","protected":false},"excerpt":{"rendered":"<p>Serdecznie zapraszamy na otwarte spotkanie pt. \u201eDajmy g\u0142os kobietom. Kobiece spojrzenie na biznes i lokaln\u0105 spo\u0142eczno\u015b\u0107. Porozmawiajmy o potrzebach, mo\u017cliwo\u015bciach i pomys\u0142ach\u201d. Spotkanie o charakterze warsztatowo-integracyjnym ma na celu zwi\u0119kszenie aktywno\u015bci kobiet w dzia\u0142alno\u015bci naszej Izby i zbudowanie wzajemnych relacji. Termin: 12 kwietnia 2024 r. (pi\u0105tek) godz. 17.00 Miejsce: siedziba [&hellip;]<\/p>\n","protected":false},"author":2,"featured_media":0,"comment_status":"closed","ping_status":"closed","sticky":false,"template":"","format":"standard","meta":[],"categories":[5],"tags":[],"_links":{"self":[{"href":"https:\/\/bpig.pl\/index.php\/wp-json\/wp\/v2\/posts\/1606"}],"collection":[{"href":"https:\/\/bpig.pl\/index.php\/wp-json\/wp\/v2\/posts"}],"about":[{"href":"https:\/\/bpig.pl\/index.php\/wp-json\/wp\/v2\/types\/post"}],"author":[{"embeddable":true,"href":"https:\/\/bpig.pl\/index.php\/wp-json\/wp\/v2\/users\/2"}],"replies":[{"embeddable":true,"href":"https:\/\/bpig.pl\/index.php\/wp-json\/wp\/v2\/comments?post=1606"}],"version-history":[{"count":1,"href":"https:\/\/bpig.pl\/index.php\/wp-json\/wp\/v2\/posts\/1606\/revisions"}],"predecessor-version":[{"id":1607,"href":"https:\/\/bpig.pl\/index.php\/wp-json\/wp\/v2\/posts\/1606\/revisions\/1607"}],"wp:attachment":[{"href":"https:\/\/bpig.pl\/index.php\/wp-json\/wp\/v2\/media?parent=1606"}],"wp:term":[{"taxonomy":"category","embeddable":true,"href":"https:\/\/bpig.pl\/index.php\/wp-json\/wp\/v2\/categories?post=1606"},{"taxonomy":"post_tag","embeddable":true,"href":"https:\/\/bpig.pl\/index.php\/wp-json\/wp\/v2\/tags?post=1606"}],"curies":[{"name":"wp","href":"https:\/\/api.w.org\/{rel}","templated":true}]}}