{"id":1609,"date":"2024-03-13T14:00:00","date_gmt":"2024-03-13T13:00:00","guid":{"rendered":"https:\/\/bpig.pl\/?p=1609"},"modified":"2024-04-05T12:34:26","modified_gmt":"2024-04-05T10:34:26","slug":"warsztaty-dla-managerow-pt-abc-glosu-i-mowy-lidera-szkolenie-doskonalenia-glosu-i-technik-mowy-na-potrzeby-wystapien-publicznych","status":"publish","type":"post","link":"https:\/\/bpig.pl\/index.php\/2024\/03\/13\/warsztaty-dla-managerow-pt-abc-glosu-i-mowy-lidera-szkolenie-doskonalenia-glosu-i-technik-mowy-na-potrzeby-wystapien-publicznych\/","title":{"rendered":"Warsztaty dla manager\u00f3w pt. \u201eABC G\u0142osu i Mowy Lidera\u201d &#8211; szkolenie doskonalenia g\u0142osu i technik mowy na potrzeby wyst\u0105pie\u0144 publicznych."},"content":{"rendered":"\n<p><\/p>\n\n\n\n<p class=\"has-text-align-left\">Informujemy, \u017ce organizujemy warsztaty dla manager\u00f3w pt.<\/p>\n\n\n\n<p><strong><u>\u201eABC G\u0142osu i Mowy Lidera<\/u><\/strong><strong>\u201d<\/strong> &#8211; <strong>szkolenie doskonalenia g\u0142osu i technik mowy na potrzeby wyst\u0105pie\u0144 publicznych,<\/strong><\/p>\n\n\n\n<h1 class=\"has-medium-font-size\">kt\u00f3re poprowadzi Pani Margo Komo\u0144ska &#8211;<\/h1>\n\n\n\n<p>&#8211; Trenerka Emisji G\u0142osu i Technik Mowy.&nbsp;Strateg wyst\u0105pie\u0144 publicznych i trudnych rozm\u00f3w.&nbsp;Trenerka Vocal Yoga; wsparcie dla m\u00f3wc\u00f3w TEDx.&nbsp;Ponad 20 lat pracy w 3 globalnych firmach w kraju i za granic\u0105. Ex-dyrektorka zarz\u0105dzaj\u0105ca w zagranicznym banku inwestycyjnym.&nbsp;Wykszta\u0142cenie muzyczne, ekonomiczne, MBA.<\/p>\n\n\n\n<p><strong>Wi\u0119cej o prowadz\u0105cej:<\/strong><\/p>\n\n\n\n<ul><li>Wzmacnia ekspresj\u0119 g\u0142osu klienta w celu budowania jego marki personalnej&nbsp;i wzmacniania wizerunku firmy.<\/li><li>Doskonali elementy prozodii g\u0142osu klienta dla osi\u0105gania cel\u00f3w biznesowych.<\/li><li>Wydobywa z tonu mow\u0119 wyrazistsz\u0105, emocjonaln\u0105, zaciekawiaj\u0105c\u0105.<\/li><li>Uczy higieny u\u017cywania g\u0142osu w warunkach offline \/ online.<\/li><li>Pomaga uspokoi\u0107 g\u0142os w sytuacjach tremy przed wyst\u0105pieniem.<\/li><li>Kszta\u0142ci dobr\u0105 dykcj\u0119 m\u00f3wcy i pomagam aparatowi mowy wydobywa\u0107 dono\u015bniejszy ton.<\/li><li>Intensyfikuje efekt wypowiedzi, dobieraj\u0105c najodpowiedniejsze dla osoby&nbsp;i sytuacji \u015brodki przekazu werbalnego ku osi\u0105gni\u0119ciu intencji.<\/li><li>Oferuje pomoc przy redagowaniu tekst\u00f3w wyst\u0105pie\u0144 biznesowych&nbsp;i okoliczno\u015bciowych.<\/li><li>Stosuje sprawdzone metody pami\u0119ciowego opanowania tekstu.<\/li><li>Pomaga w mentalnym przygotowaniu do wyst\u0105pienia w kierunku eliminacji poziomu stresu.<\/li><li>Analizuje kontekstowo styl wypowiedzi pod k\u0105tem celu po stronie m\u00f3wcy&nbsp;i odbioru po stronie rozm\u00f3wcy.<\/li><\/ul>\n\n\n\n<p><strong><u>10 wiod\u0105cych zagadnie\u0144 na warsztacie:<\/u><\/strong><\/p>\n\n\n\n<ul><li>udzia\u0142 mowy w odczytaniu pierwszego wra\u017cenia<\/li><li>rola g\u0142osu i mowy w budowaniu wizerunku<\/li><li>Tw\u00f3j ton naturalny<\/li><li>adekwatno\u015b\u0107 mowy do zajmowanej pozycji zawodowej lub specjalizacji<\/li><li>zarz\u0105dzanie trem\u0105 i emocjami przez techniki oddechowe<\/li><li>nabycie umiej\u0119tno\u015bci wzmocnienia g\u0142osem wagi komunikatu<\/li><li>zarz\u0105dzanie trem\u0105 i emocjami przez techniki pracy z umys\u0142em<\/li><li>style wypowiedzi<\/li><li>\u0107wiczenia akcentowania i pauz<\/li><li>optymalna postawa cia\u0142a dla dobrego brzmienia<\/li><\/ul>\n\n\n\n<p><strong><u>Termin warsztat\u00f3w: 24 kwietnia 2024 r. (\u015broda) w godz. 10.30-16.00 w siedzibie BPIG. <\/u><\/strong><\/p>\n\n\n\n<p><strong><u>Maksymalna ilo\u015b\u0107 uczestnik\u00f3w &#8211; 12.<\/u><\/strong><\/p>\n\n\n\n<p>Koszt udzia\u0142u 1 osoby w warsztatach:<\/p>\n\n\n\n<p><\/p>\n\n\n\n<ul><li>dla Cz\u0142onk\u00f3w BPIG: 600 z\u0142 netto + VAT <\/li><\/ul>\n\n\n\n<ul><li>dla firm niezrzeszonych w BPIG: 750 z\u0142 netto + VAT<\/li><\/ul>\n\n\n\n<p>Cena obejmuje przerwy kawowe i lunch.<\/p>\n\n\n\n<p>Zg\u0142oszenia przyjmujemy do 8 kwietnia br.: biuro@bpig.pl <\/p>\n\n\n\n<p>Zach\u0119camy do udzia\u0142u!<\/p>\n","protected":false},"excerpt":{"rendered":"<p>Informujemy, \u017ce organizujemy warsztaty dla manager\u00f3w pt. \u201eABC G\u0142osu i Mowy Lidera\u201d &#8211; szkolenie doskonalenia g\u0142osu i technik mowy na potrzeby wyst\u0105pie\u0144 publicznych, kt\u00f3re poprowadzi Pani Margo Komo\u0144ska &#8211; &#8211; Trenerka Emisji G\u0142osu i Technik Mowy.&nbsp;Strateg wyst\u0105pie\u0144 publicznych i trudnych rozm\u00f3w.&nbsp;Trenerka Vocal Yoga; wsparcie dla m\u00f3wc\u00f3w TEDx.&nbsp;Ponad 20 lat pracy [&hellip;]<\/p>\n","protected":false},"author":2,"featured_media":0,"comment_status":"closed","ping_status":"closed","sticky":false,"template":"","format":"standard","meta":[],"categories":[5],"tags":[],"_links":{"self":[{"href":"https:\/\/bpig.pl\/index.php\/wp-json\/wp\/v2\/posts\/1609"}],"collection":[{"href":"https:\/\/bpig.pl\/index.php\/wp-json\/wp\/v2\/posts"}],"about":[{"href":"https:\/\/bpig.pl\/index.php\/wp-json\/wp\/v2\/types\/post"}],"author":[{"embeddable":true,"href":"https:\/\/bpig.pl\/index.php\/wp-json\/wp\/v2\/users\/2"}],"replies":[{"embeddable":true,"href":"https:\/\/bpig.pl\/index.php\/wp-json\/wp\/v2\/comments?post=1609"}],"version-history":[{"count":3,"href":"https:\/\/bpig.pl\/index.php\/wp-json\/wp\/v2\/posts\/1609\/revisions"}],"predecessor-version":[{"id":1612,"href":"https:\/\/bpig.pl\/index.php\/wp-json\/wp\/v2\/posts\/1609\/revisions\/1612"}],"wp:attachment":[{"href":"https:\/\/bpig.pl\/index.php\/wp-json\/wp\/v2\/media?parent=1609"}],"wp:term":[{"taxonomy":"category","embeddable":true,"href":"https:\/\/bpig.pl\/index.php\/wp-json\/wp\/v2\/categories?post=1609"},{"taxonomy":"post_tag","embeddable":true,"href":"https:\/\/bpig.pl\/index.php\/wp-json\/wp\/v2\/tags?post=1609"}],"curies":[{"name":"wp","href":"https:\/\/api.w.org\/{rel}","templated":true}]}}