{"id":1686,"date":"2024-07-15T13:00:00","date_gmt":"2024-07-15T11:00:00","guid":{"rendered":"https:\/\/bpig.pl\/?p=1686"},"modified":"2024-07-15T13:22:24","modified_gmt":"2024-07-15T11:22:24","slug":"stanowisko-bialskopodlaskiej-izby-gospodarczej-wobec-problemow-z-jakimi-zmagaja-sie-przedsiebiorcy-z-regionu-polski-wschodniej","status":"publish","type":"post","link":"https:\/\/bpig.pl\/index.php\/2024\/07\/15\/stanowisko-bialskopodlaskiej-izby-gospodarczej-wobec-problemow-z-jakimi-zmagaja-sie-przedsiebiorcy-z-regionu-polski-wschodniej\/","title":{"rendered":"Stanowisko Bialskopodlaskiej Izby Gospodarczej wobec problem\u00f3w, z jakimi zmagaj\u0105 si\u0119 przedsi\u0119biorcy z regionu Polski wschodniej."},"content":{"rendered":"\n<figure class=\"wp-block-image size-large\"><img loading=\"lazy\" width=\"724\" height=\"1024\" src=\"https:\/\/bpig.pl\/wp-content\/uploads\/2024\/07\/Stanowisko-Bialskopodlaskiej-Izby-Gospodarczej-wobec-problemow-z-jakimi-zmagaja-sie-przedsiebiorcy-z-regionu-Polski-wschodniej-obrazy-0-724x1024.jpg\" alt=\"\" class=\"wp-image-1687\" srcset=\"https:\/\/bpig.pl\/wp-content\/uploads\/2024\/07\/Stanowisko-Bialskopodlaskiej-Izby-Gospodarczej-wobec-problemow-z-jakimi-zmagaja-sie-przedsiebiorcy-z-regionu-Polski-wschodniej-obrazy-0-724x1024.jpg 724w, https:\/\/bpig.pl\/wp-content\/uploads\/2024\/07\/Stanowisko-Bialskopodlaskiej-Izby-Gospodarczej-wobec-problemow-z-jakimi-zmagaja-sie-przedsiebiorcy-z-regionu-Polski-wschodniej-obrazy-0-212x300.jpg 212w, https:\/\/bpig.pl\/wp-content\/uploads\/2024\/07\/Stanowisko-Bialskopodlaskiej-Izby-Gospodarczej-wobec-problemow-z-jakimi-zmagaja-sie-przedsiebiorcy-z-regionu-Polski-wschodniej-obrazy-0-768x1087.jpg 768w, https:\/\/bpig.pl\/wp-content\/uploads\/2024\/07\/Stanowisko-Bialskopodlaskiej-Izby-Gospodarczej-wobec-problemow-z-jakimi-zmagaja-sie-przedsiebiorcy-z-regionu-Polski-wschodniej-obrazy-0-1086x1536.jpg 1086w, https:\/\/bpig.pl\/wp-content\/uploads\/2024\/07\/Stanowisko-Bialskopodlaskiej-Izby-Gospodarczej-wobec-problemow-z-jakimi-zmagaja-sie-przedsiebiorcy-z-regionu-Polski-wschodniej-obrazy-0-1447x2048.jpg 1447w, https:\/\/bpig.pl\/wp-content\/uploads\/2024\/07\/Stanowisko-Bialskopodlaskiej-Izby-Gospodarczej-wobec-problemow-z-jakimi-zmagaja-sie-przedsiebiorcy-z-regionu-Polski-wschodniej-obrazy-0-scaled.jpg 1809w\" sizes=\"(max-width: 724px) 100vw, 724px\" \/><\/figure>\n\n\n\n<figure class=\"wp-block-image size-large\"><img loading=\"lazy\" width=\"724\" height=\"1024\" src=\"https:\/\/bpig.pl\/wp-content\/uploads\/2024\/07\/Stanowisko-Bialskopodlaskiej-Izby-Gospodarczej-wobec-problemow-z-jakimi-zmagaja-sie-przedsiebiorcy-z-regionu-Polski-wschodniej-obrazy-1-724x1024.jpg\" alt=\"\" class=\"wp-image-1688\" srcset=\"https:\/\/bpig.pl\/wp-content\/uploads\/2024\/07\/Stanowisko-Bialskopodlaskiej-Izby-Gospodarczej-wobec-problemow-z-jakimi-zmagaja-sie-przedsiebiorcy-z-regionu-Polski-wschodniej-obrazy-1-724x1024.jpg 724w, https:\/\/bpig.pl\/wp-content\/uploads\/2024\/07\/Stanowisko-Bialskopodlaskiej-Izby-Gospodarczej-wobec-problemow-z-jakimi-zmagaja-sie-przedsiebiorcy-z-regionu-Polski-wschodniej-obrazy-1-212x300.jpg 212w, https:\/\/bpig.pl\/wp-content\/uploads\/2024\/07\/Stanowisko-Bialskopodlaskiej-Izby-Gospodarczej-wobec-problemow-z-jakimi-zmagaja-sie-przedsiebiorcy-z-regionu-Polski-wschodniej-obrazy-1-768x1087.jpg 768w, https:\/\/bpig.pl\/wp-content\/uploads\/2024\/07\/Stanowisko-Bialskopodlaskiej-Izby-Gospodarczej-wobec-problemow-z-jakimi-zmagaja-sie-przedsiebiorcy-z-regionu-Polski-wschodniej-obrazy-1-1086x1536.jpg 1086w, https:\/\/bpig.pl\/wp-content\/uploads\/2024\/07\/Stanowisko-Bialskopodlaskiej-Izby-Gospodarczej-wobec-problemow-z-jakimi-zmagaja-sie-przedsiebiorcy-z-regionu-Polski-wschodniej-obrazy-1-1447x2048.jpg 1447w, https:\/\/bpig.pl\/wp-content\/uploads\/2024\/07\/Stanowisko-Bialskopodlaskiej-Izby-Gospodarczej-wobec-problemow-z-jakimi-zmagaja-sie-przedsiebiorcy-z-regionu-Polski-wschodniej-obrazy-1-scaled.jpg 1809w\" sizes=\"(max-width: 724px) 100vw, 724px\" \/><\/figure>\n\n\n\n<figure class=\"wp-block-image size-large\"><img loading=\"lazy\" width=\"724\" height=\"1024\" src=\"https:\/\/bpig.pl\/wp-content\/uploads\/2024\/07\/Stanowisko-Bialskopodlaskiej-Izby-Gospodarczej-wobec-problemow-z-jakimi-zmagaja-sie-przedsiebiorcy-z-regionu-Polski-wschodniej-obrazy-2-724x1024.jpg\" alt=\"\" class=\"wp-image-1689\" srcset=\"https:\/\/bpig.pl\/wp-content\/uploads\/2024\/07\/Stanowisko-Bialskopodlaskiej-Izby-Gospodarczej-wobec-problemow-z-jakimi-zmagaja-sie-przedsiebiorcy-z-regionu-Polski-wschodniej-obrazy-2-724x1024.jpg 724w, https:\/\/bpig.pl\/wp-content\/uploads\/2024\/07\/Stanowisko-Bialskopodlaskiej-Izby-Gospodarczej-wobec-problemow-z-jakimi-zmagaja-sie-przedsiebiorcy-z-regionu-Polski-wschodniej-obrazy-2-212x300.jpg 212w, https:\/\/bpig.pl\/wp-content\/uploads\/2024\/07\/Stanowisko-Bialskopodlaskiej-Izby-Gospodarczej-wobec-problemow-z-jakimi-zmagaja-sie-przedsiebiorcy-z-regionu-Polski-wschodniej-obrazy-2-768x1087.jpg 768w, https:\/\/bpig.pl\/wp-content\/uploads\/2024\/07\/Stanowisko-Bialskopodlaskiej-Izby-Gospodarczej-wobec-problemow-z-jakimi-zmagaja-sie-przedsiebiorcy-z-regionu-Polski-wschodniej-obrazy-2-1086x1536.jpg 1086w, https:\/\/bpig.pl\/wp-content\/uploads\/2024\/07\/Stanowisko-Bialskopodlaskiej-Izby-Gospodarczej-wobec-problemow-z-jakimi-zmagaja-sie-przedsiebiorcy-z-regionu-Polski-wschodniej-obrazy-2-1447x2048.jpg 1447w, https:\/\/bpig.pl\/wp-content\/uploads\/2024\/07\/Stanowisko-Bialskopodlaskiej-Izby-Gospodarczej-wobec-problemow-z-jakimi-zmagaja-sie-przedsiebiorcy-z-regionu-Polski-wschodniej-obrazy-2-scaled.jpg 1809w\" sizes=\"(max-width: 724px) 100vw, 724px\" \/><\/figure>\n\n\n\n<figure class=\"wp-block-image size-large\"><img loading=\"lazy\" width=\"724\" height=\"1024\" src=\"https:\/\/bpig.pl\/wp-content\/uploads\/2024\/07\/Stanowisko-Bialskopodlaskiej-Izby-Gospodarczej-wobec-problemow-z-jakimi-zmagaja-sie-przedsiebiorcy-z-regionu-Polski-wschodniej-obrazy-3-724x1024.jpg\" alt=\"\" class=\"wp-image-1690\" srcset=\"https:\/\/bpig.pl\/wp-content\/uploads\/2024\/07\/Stanowisko-Bialskopodlaskiej-Izby-Gospodarczej-wobec-problemow-z-jakimi-zmagaja-sie-przedsiebiorcy-z-regionu-Polski-wschodniej-obrazy-3-724x1024.jpg 724w, https:\/\/bpig.pl\/wp-content\/uploads\/2024\/07\/Stanowisko-Bialskopodlaskiej-Izby-Gospodarczej-wobec-problemow-z-jakimi-zmagaja-sie-przedsiebiorcy-z-regionu-Polski-wschodniej-obrazy-3-212x300.jpg 212w, https:\/\/bpig.pl\/wp-content\/uploads\/2024\/07\/Stanowisko-Bialskopodlaskiej-Izby-Gospodarczej-wobec-problemow-z-jakimi-zmagaja-sie-przedsiebiorcy-z-regionu-Polski-wschodniej-obrazy-3-768x1087.jpg 768w, https:\/\/bpig.pl\/wp-content\/uploads\/2024\/07\/Stanowisko-Bialskopodlaskiej-Izby-Gospodarczej-wobec-problemow-z-jakimi-zmagaja-sie-przedsiebiorcy-z-regionu-Polski-wschodniej-obrazy-3-1086x1536.jpg 1086w, https:\/\/bpig.pl\/wp-content\/uploads\/2024\/07\/Stanowisko-Bialskopodlaskiej-Izby-Gospodarczej-wobec-problemow-z-jakimi-zmagaja-sie-przedsiebiorcy-z-regionu-Polski-wschodniej-obrazy-3-1447x2048.jpg 1447w, https:\/\/bpig.pl\/wp-content\/uploads\/2024\/07\/Stanowisko-Bialskopodlaskiej-Izby-Gospodarczej-wobec-problemow-z-jakimi-zmagaja-sie-przedsiebiorcy-z-regionu-Polski-wschodniej-obrazy-3-scaled.jpg 1809w\" sizes=\"(max-width: 724px) 100vw, 724px\" \/><\/figure>\n\n\n\n<figure class=\"wp-block-image size-large\"><img loading=\"lazy\" width=\"724\" height=\"1024\" src=\"https:\/\/bpig.pl\/wp-content\/uploads\/2024\/07\/Stanowisko-Bialskopodlaskiej-Izby-Gospodarczej-wobec-problemow-z-jakimi-zmagaja-sie-przedsiebiorcy-z-regionu-Polski-wschodniej-obrazy-4-724x1024.jpg\" alt=\"\" class=\"wp-image-1691\" srcset=\"https:\/\/bpig.pl\/wp-content\/uploads\/2024\/07\/Stanowisko-Bialskopodlaskiej-Izby-Gospodarczej-wobec-problemow-z-jakimi-zmagaja-sie-przedsiebiorcy-z-regionu-Polski-wschodniej-obrazy-4-724x1024.jpg 724w, https:\/\/bpig.pl\/wp-content\/uploads\/2024\/07\/Stanowisko-Bialskopodlaskiej-Izby-Gospodarczej-wobec-problemow-z-jakimi-zmagaja-sie-przedsiebiorcy-z-regionu-Polski-wschodniej-obrazy-4-212x300.jpg 212w, https:\/\/bpig.pl\/wp-content\/uploads\/2024\/07\/Stanowisko-Bialskopodlaskiej-Izby-Gospodarczej-wobec-problemow-z-jakimi-zmagaja-sie-przedsiebiorcy-z-regionu-Polski-wschodniej-obrazy-4-768x1087.jpg 768w, https:\/\/bpig.pl\/wp-content\/uploads\/2024\/07\/Stanowisko-Bialskopodlaskiej-Izby-Gospodarczej-wobec-problemow-z-jakimi-zmagaja-sie-przedsiebiorcy-z-regionu-Polski-wschodniej-obrazy-4-1086x1536.jpg 1086w, https:\/\/bpig.pl\/wp-content\/uploads\/2024\/07\/Stanowisko-Bialskopodlaskiej-Izby-Gospodarczej-wobec-problemow-z-jakimi-zmagaja-sie-przedsiebiorcy-z-regionu-Polski-wschodniej-obrazy-4-1447x2048.jpg 1447w, https:\/\/bpig.pl\/wp-content\/uploads\/2024\/07\/Stanowisko-Bialskopodlaskiej-Izby-Gospodarczej-wobec-problemow-z-jakimi-zmagaja-sie-przedsiebiorcy-z-regionu-Polski-wschodniej-obrazy-4-scaled.jpg 1809w\" sizes=\"(max-width: 724px) 100vw, 724px\" \/><\/figure>\n","protected":false},"excerpt":{"rendered":"","protected":false},"author":2,"featured_media":0,"comment_status":"closed","ping_status":"closed","sticky":false,"template":"","format":"standard","meta":[],"categories":[5],"tags":[],"_links":{"self":[{"href":"https:\/\/bpig.pl\/index.php\/wp-json\/wp\/v2\/posts\/1686"}],"collection":[{"href":"https:\/\/bpig.pl\/index.php\/wp-json\/wp\/v2\/posts"}],"about":[{"href":"https:\/\/bpig.pl\/index.php\/wp-json\/wp\/v2\/types\/post"}],"author":[{"embeddable":true,"href":"https:\/\/bpig.pl\/index.php\/wp-json\/wp\/v2\/users\/2"}],"replies":[{"embeddable":true,"href":"https:\/\/bpig.pl\/index.php\/wp-json\/wp\/v2\/comments?post=1686"}],"version-history":[{"count":1,"href":"https:\/\/bpig.pl\/index.php\/wp-json\/wp\/v2\/posts\/1686\/revisions"}],"predecessor-version":[{"id":1692,"href":"https:\/\/bpig.pl\/index.php\/wp-json\/wp\/v2\/posts\/1686\/revisions\/1692"}],"wp:attachment":[{"href":"https:\/\/bpig.pl\/index.php\/wp-json\/wp\/v2\/media?parent=1686"}],"wp:term":[{"taxonomy":"category","embeddable":true,"href":"https:\/\/bpig.pl\/index.php\/wp-json\/wp\/v2\/categories?post=1686"},{"taxonomy":"post_tag","embeddable":true,"href":"https:\/\/bpig.pl\/index.php\/wp-json\/wp\/v2\/tags?post=1686"}],"curies":[{"name":"wp","href":"https:\/\/api.w.org\/{rel}","templated":true}]}}