{"id":1859,"date":"2025-11-27T14:30:00","date_gmt":"2025-11-27T13:30:00","guid":{"rendered":"https:\/\/bpig.pl\/?p=1859"},"modified":"2025-11-28T11:41:55","modified_gmt":"2025-11-28T10:41:55","slug":"w-zwiazku-z-zamknieciem-granicy-we-wrzesniu-2025-r-przedsiebiorcy-ktorzy-poniesli-z-tego-tytulu-straty-moga-ubiegac-sie-o-rekompensaty-u-wojewody-lubelskiego","status":"publish","type":"post","link":"https:\/\/bpig.pl\/index.php\/2025\/11\/27\/w-zwiazku-z-zamknieciem-granicy-we-wrzesniu-2025-r-przedsiebiorcy-ktorzy-poniesli-z-tego-tytulu-straty-moga-ubiegac-sie-o-rekompensaty-u-wojewody-lubelskiego\/","title":{"rendered":"W zwi\u0105zku z zamkni\u0119ciem granicy we wrze\u015bniu 2025 r. przedsi\u0119biorcy, kt\u00f3rzy ponie\u015bli z tego tytu\u0142u straty, mog\u0105 ubiega\u0107 si\u0119 o rekompensaty u Wojewody Lubelskiego."},"content":{"rendered":"\n<p>Z uwagi na op\u00f3\u017aniaj\u0105ce si\u0119 odpowiedzi Urz\u0119du Wojew\u00f3dzkiego na z\u0142o\u017cone przez naszych Cz\u0142onk\u00f3w wnioski, a tak\u017ce brak jasnych wytycznych dotycz\u0105cych prawid\u0142owego ich sk\u0142adania, wystosowali\u015bmy pismo do Wojewody Lubelskiego, Pana Krzysztofa Komorskiego, z apelem o jak najszybsze uruchomienie i uporz\u0105dkowanie systemu rekompensat.<\/p>\n\n\n\n<p>W pi\u015bmie zwr\u00f3cili\u015bmy r\u00f3wnie\u017c uwag\u0119 na konieczno\u015b\u0107 rozszerzenia systemu rekompensat na wszystkie firmy, kt\u00f3re realnie ucierpia\u0142y w wyniku zamkni\u0119cia granicy \u2013 niezale\u017cnie od bran\u017cy \u2013 obejmuj\u0105c ca\u0142y powiat bialski. Jest to mo\u017cliwe dzi\u0119ki uprawnieniom Wojewody do podejmowania takich decyzji, wynikaj\u0105cym z zapisu ustawy o ochronie granicy pa\u0144stwowej.<\/p>\n\n\n\n<p><\/p>\n\n\n\n<p><img loading=\"lazy\" height=\"16\" width=\"16\" alt=\"\ud83d\udc49\" src=\"https:\/\/static.xx.fbcdn.net\/images\/emoji.php\/v9\/t51\/1\/16\/1f449.png\"> Z ostatniej chwili: Dzi\u015b na stronie Lubelskiego Urz\u0119du Wojew\u00f3dzkiego pojawi\u0142y si\u0119 formularze: <a href=\"https:\/\/luwwlublinie.bip.gov.pl\/czasowe-zawieszenie-ruchu-na-przejsciu-granicznym\/rekompensaty-w-zwiazku-z-czasowym-zawieszeniem-ruchu-na-przejsciu-granicznym.html?fbclid=IwZXh0bgNhZW0CMTAAYnJpZBExY3ZMemN4eXBUWnVaSGRSM3NydGMGYXBwX2lkEDIyMjAzOTE3ODgyMDA4OTIAAR7vSbyURn8pHUR4MBc8eROcvedODm_nHULzc1YkOCzqFBtGOzgyNxbZYWVIrg_aem_kD02qljHKtH6rzbpC7A8zA\" rel=\"noreferrer noopener\" target=\"_blank\">https:\/\/luwwlublinie.bip.gov.pl\/&#8230;\/rekompensaty-w&#8230;<\/a><\/p>\n\n\n\n<figure class=\"wp-block-image size-large\"><img loading=\"lazy\" width=\"724\" height=\"1024\" src=\"https:\/\/bpig.pl\/wp-content\/uploads\/2025\/11\/BPIG_20251101_20251127_Pismo_do_Wojewody_Lubelskiego-obrazy-0-724x1024.jpg\" alt=\"\" class=\"wp-image-1860\" srcset=\"https:\/\/bpig.pl\/wp-content\/uploads\/2025\/11\/BPIG_20251101_20251127_Pismo_do_Wojewody_Lubelskiego-obrazy-0-724x1024.jpg 724w, https:\/\/bpig.pl\/wp-content\/uploads\/2025\/11\/BPIG_20251101_20251127_Pismo_do_Wojewody_Lubelskiego-obrazy-0-212x300.jpg 212w, https:\/\/bpig.pl\/wp-content\/uploads\/2025\/11\/BPIG_20251101_20251127_Pismo_do_Wojewody_Lubelskiego-obrazy-0-768x1086.jpg 768w, https:\/\/bpig.pl\/wp-content\/uploads\/2025\/11\/BPIG_20251101_20251127_Pismo_do_Wojewody_Lubelskiego-obrazy-0-1086x1536.jpg 1086w, https:\/\/bpig.pl\/wp-content\/uploads\/2025\/11\/BPIG_20251101_20251127_Pismo_do_Wojewody_Lubelskiego-obrazy-0-1448x2048.jpg 1448w, https:\/\/bpig.pl\/wp-content\/uploads\/2025\/11\/BPIG_20251101_20251127_Pismo_do_Wojewody_Lubelskiego-obrazy-0-scaled.jpg 1810w\" sizes=\"(max-width: 724px) 100vw, 724px\" \/><\/figure>\n\n\n\n<figure class=\"wp-block-image size-large\"><img loading=\"lazy\" width=\"724\" height=\"1024\" src=\"https:\/\/bpig.pl\/wp-content\/uploads\/2025\/11\/BPIG_20251101_20251127_Pismo_do_Wojewody_Lubelskiego-obrazy-1-724x1024.jpg\" alt=\"\" class=\"wp-image-1861\" srcset=\"https:\/\/bpig.pl\/wp-content\/uploads\/2025\/11\/BPIG_20251101_20251127_Pismo_do_Wojewody_Lubelskiego-obrazy-1-724x1024.jpg 724w, https:\/\/bpig.pl\/wp-content\/uploads\/2025\/11\/BPIG_20251101_20251127_Pismo_do_Wojewody_Lubelskiego-obrazy-1-212x300.jpg 212w, https:\/\/bpig.pl\/wp-content\/uploads\/2025\/11\/BPIG_20251101_20251127_Pismo_do_Wojewody_Lubelskiego-obrazy-1-768x1086.jpg 768w, https:\/\/bpig.pl\/wp-content\/uploads\/2025\/11\/BPIG_20251101_20251127_Pismo_do_Wojewody_Lubelskiego-obrazy-1-1086x1536.jpg 1086w, https:\/\/bpig.pl\/wp-content\/uploads\/2025\/11\/BPIG_20251101_20251127_Pismo_do_Wojewody_Lubelskiego-obrazy-1-1448x2048.jpg 1448w, https:\/\/bpig.pl\/wp-content\/uploads\/2025\/11\/BPIG_20251101_20251127_Pismo_do_Wojewody_Lubelskiego-obrazy-1-scaled.jpg 1810w\" sizes=\"(max-width: 724px) 100vw, 724px\" \/><\/figure>\n\n\n\n<figure class=\"wp-block-image size-large\"><img loading=\"lazy\" width=\"724\" height=\"1024\" src=\"https:\/\/bpig.pl\/wp-content\/uploads\/2025\/11\/BPIG_20251101_20251127_Pismo_do_Wojewody_Lubelskiego-obrazy-2-724x1024.jpg\" alt=\"\" class=\"wp-image-1862\" srcset=\"https:\/\/bpig.pl\/wp-content\/uploads\/2025\/11\/BPIG_20251101_20251127_Pismo_do_Wojewody_Lubelskiego-obrazy-2-724x1024.jpg 724w, https:\/\/bpig.pl\/wp-content\/uploads\/2025\/11\/BPIG_20251101_20251127_Pismo_do_Wojewody_Lubelskiego-obrazy-2-212x300.jpg 212w, https:\/\/bpig.pl\/wp-content\/uploads\/2025\/11\/BPIG_20251101_20251127_Pismo_do_Wojewody_Lubelskiego-obrazy-2-768x1086.jpg 768w, https:\/\/bpig.pl\/wp-content\/uploads\/2025\/11\/BPIG_20251101_20251127_Pismo_do_Wojewody_Lubelskiego-obrazy-2-1086x1536.jpg 1086w, https:\/\/bpig.pl\/wp-content\/uploads\/2025\/11\/BPIG_20251101_20251127_Pismo_do_Wojewody_Lubelskiego-obrazy-2-1448x2048.jpg 1448w, https:\/\/bpig.pl\/wp-content\/uploads\/2025\/11\/BPIG_20251101_20251127_Pismo_do_Wojewody_Lubelskiego-obrazy-2-scaled.jpg 1810w\" sizes=\"(max-width: 724px) 100vw, 724px\" \/><\/figure>\n","protected":false},"excerpt":{"rendered":"<p>Z uwagi na op\u00f3\u017aniaj\u0105ce si\u0119 odpowiedzi Urz\u0119du Wojew\u00f3dzkiego na z\u0142o\u017cone przez naszych Cz\u0142onk\u00f3w wnioski, a tak\u017ce brak jasnych wytycznych dotycz\u0105cych prawid\u0142owego ich sk\u0142adania, wystosowali\u015bmy pismo do Wojewody Lubelskiego, Pana Krzysztofa Komorskiego, z apelem o jak najszybsze uruchomienie i uporz\u0105dkowanie systemu rekompensat. W pi\u015bmie zwr\u00f3cili\u015bmy r\u00f3wnie\u017c uwag\u0119 na konieczno\u015b\u0107 rozszerzenia systemu [&hellip;]<\/p>\n","protected":false},"author":2,"featured_media":0,"comment_status":"closed","ping_status":"closed","sticky":false,"template":"","format":"standard","meta":[],"categories":[5],"tags":[],"_links":{"self":[{"href":"https:\/\/bpig.pl\/index.php\/wp-json\/wp\/v2\/posts\/1859"}],"collection":[{"href":"https:\/\/bpig.pl\/index.php\/wp-json\/wp\/v2\/posts"}],"about":[{"href":"https:\/\/bpig.pl\/index.php\/wp-json\/wp\/v2\/types\/post"}],"author":[{"embeddable":true,"href":"https:\/\/bpig.pl\/index.php\/wp-json\/wp\/v2\/users\/2"}],"replies":[{"embeddable":true,"href":"https:\/\/bpig.pl\/index.php\/wp-json\/wp\/v2\/comments?post=1859"}],"version-history":[{"count":1,"href":"https:\/\/bpig.pl\/index.php\/wp-json\/wp\/v2\/posts\/1859\/revisions"}],"predecessor-version":[{"id":1863,"href":"https:\/\/bpig.pl\/index.php\/wp-json\/wp\/v2\/posts\/1859\/revisions\/1863"}],"wp:attachment":[{"href":"https:\/\/bpig.pl\/index.php\/wp-json\/wp\/v2\/media?parent=1859"}],"wp:term":[{"taxonomy":"category","embeddable":true,"href":"https:\/\/bpig.pl\/index.php\/wp-json\/wp\/v2\/categories?post=1859"},{"taxonomy":"post_tag","embeddable":true,"href":"https:\/\/bpig.pl\/index.php\/wp-json\/wp\/v2\/tags?post=1859"}],"curies":[{"name":"wp","href":"https:\/\/api.w.org\/{rel}","templated":true}]}}