{"id":26,"date":"2018-05-15T14:53:52","date_gmt":"2018-05-15T12:53:52","guid":{"rendered":"http:\/\/bpig.pl\/wordpress\/?p=26"},"modified":"2019-10-31T21:23:17","modified_gmt":"2019-10-31T20:23:17","slug":"spotkanie-w-ramach-cyklu-biznes-lubelskie","status":"publish","type":"post","link":"https:\/\/bpig.pl\/index.php\/2018\/05\/15\/spotkanie-w-ramach-cyklu-biznes-lubelskie\/","title":{"rendered":"Spotkanie w ramach cyklu &#8222;Biznes Lubelskie&#8221;."},"content":{"rendered":"\n<p>Data: 2018-05-15<br>\nSpotkanie w ramach cyklu &#8222;Biznes Lubelskie&#8221;.<\/p>\n\n\n\n<p>Informujemy, \u017ce Marsza\u0142ek Wojew\u00f3dztwa Lubelskiego &#8211; S\u0142awomir Sosnowski &#8211; zaprasza do udzia\u0142u w WYJ\u0104TKOWYM SPOTKANIU Z CYKLU \u201eBIZNES LUBELSKIE\u201d. Wydarzenie odb\u0119dzie si\u0119 w Bia\u0142ej Podlaskiej 22 maja 2018 (wtorek) w Hotelu Dukat (ul. Warszawska 129). Rejestracja na spotkanie rozpoczyna si\u0119 o godzinie 15:00.<\/p>\n\n\n\n<p>\u201eBiznes Lubelskie\u201d to cykl wydarze\u0144 biznesowych stworzonych z my\u015bl\u0105 o wspieraniu przedsi\u0119biorstw Wojew\u00f3dztwa Lubelskiego. Spotkanie, kt\u00f3re odb\u0119dzie si\u0119 22 maja przeznaczone jest dla przedsi\u0119biorstw z powiatu Bia\u0142a Podlaska.<br>\nPodczas wydarzenia renomowani prelegenci z wiod\u0105cych kancelarii prawnych prezentowa\u0107 b\u0119d\u0105 m.in. najbardziej istotne zmiany w przepisach dotycz\u0105cych firm w 2018 roku, a go\u015bciem specjalnym spotkania b\u0119dzie Robert Korzeniowski &#8211; czterokrotny mistrz olimpijski, trzykrotny mistrz \u015bwiata i dwukrotny mistrz Europy, rekordzista \u015bwiata w chodzie sportowym, kt\u00f3ry opowie o tym jak motywacj\u0119 sportow\u0105 prze\u0142o\u017cy\u0107 na sukcesy w biznesie.<br>\nUdzia\u0142 w spotkaniu jest bezp\u0142atny.<\/p>\n\n\n\n<p>Rejestracja na spotkanie odbywa si\u0119 za po\u015brednictwem formularza rejestracyjnego, kt\u00f3ry znajduje si\u0119 na stronie: www.invest.lubelskie.pl\/cykl-spotkan-biznes-lubelskie <\/p>\n","protected":false},"excerpt":{"rendered":"<p>Data: 2018-05-15 Spotkanie w ramach cyklu &#8222;Biznes Lubelskie&#8221;. Informujemy, \u017ce Marsza\u0142ek Wojew\u00f3dztwa Lubelskiego &#8211; S\u0142awomir Sosnowski &#8211; zaprasza do udzia\u0142u w WYJ\u0104TKOWYM SPOTKANIU Z CYKLU \u201eBIZNES LUBELSKIE\u201d. Wydarzenie odb\u0119dzie si\u0119 w Bia\u0142ej Podlaskiej 22 maja 2018 (wtorek) w Hotelu Dukat (ul. Warszawska 129). Rejestracja na spotkanie rozpoczyna si\u0119 o godzinie [&hellip;]<\/p>\n","protected":false},"author":1,"featured_media":0,"comment_status":"closed","ping_status":"closed","sticky":false,"template":"","format":"standard","meta":[],"categories":[5],"tags":[],"_links":{"self":[{"href":"https:\/\/bpig.pl\/index.php\/wp-json\/wp\/v2\/posts\/26"}],"collection":[{"href":"https:\/\/bpig.pl\/index.php\/wp-json\/wp\/v2\/posts"}],"about":[{"href":"https:\/\/bpig.pl\/index.php\/wp-json\/wp\/v2\/types\/post"}],"author":[{"embeddable":true,"href":"https:\/\/bpig.pl\/index.php\/wp-json\/wp\/v2\/users\/1"}],"replies":[{"embeddable":true,"href":"https:\/\/bpig.pl\/index.php\/wp-json\/wp\/v2\/comments?post=26"}],"version-history":[{"count":1,"href":"https:\/\/bpig.pl\/index.php\/wp-json\/wp\/v2\/posts\/26\/revisions"}],"predecessor-version":[{"id":27,"href":"https:\/\/bpig.pl\/index.php\/wp-json\/wp\/v2\/posts\/26\/revisions\/27"}],"wp:attachment":[{"href":"https:\/\/bpig.pl\/index.php\/wp-json\/wp\/v2\/media?parent=26"}],"wp:term":[{"taxonomy":"category","embeddable":true,"href":"https:\/\/bpig.pl\/index.php\/wp-json\/wp\/v2\/categories?post=26"},{"taxonomy":"post_tag","embeddable":true,"href":"https:\/\/bpig.pl\/index.php\/wp-json\/wp\/v2\/tags?post=26"}],"curies":[{"name":"wp","href":"https:\/\/api.w.org\/{rel}","templated":true}]}}