{"id":28,"date":"2018-06-25T14:55:26","date_gmt":"2018-06-25T12:55:26","guid":{"rendered":"http:\/\/bpig.pl\/wordpress\/?p=28"},"modified":"2019-10-31T21:23:16","modified_gmt":"2019-10-31T20:23:16","slug":"kolejne-spotkanie-w-ramach-cyklu-biznes-lubelskie","status":"publish","type":"post","link":"https:\/\/bpig.pl\/index.php\/2018\/06\/25\/kolejne-spotkanie-w-ramach-cyklu-biznes-lubelskie\/","title":{"rendered":"Kolejne spotkanie w ramach cyklu &#8222;Biznes Lubelskie&#8221;."},"content":{"rendered":"\n<p>Data: 2018-06-25<br>\nKolejne spotkanie w ramach cyklu &#8222;Biznes Lubelskie&#8221;.<\/p>\n\n\n\n<p>Informujemy, \u017ce Marsza\u0142ek Wojew\u00f3dztwa Lubelskiego &#8211; S\u0142awomir Sosnowski &#8211; zaprasza do udzia\u0142u w SPOTKANIU Z CYKLU \u201eBIZNES LUBELSKIE\u201d. Wydarzenie odb\u0119dzie si\u0119 w Bia\u0142ej Podlaskiej ju\u017c 27 czerwca 2018 r. (\u015broda) w godzinach 15:30-19:30 &#8211; rejestracja od godz. 15:00, Hotel-Restauracja Dukat, ul. Warszawska 129, Bia\u0142a Podlaska.<br>\nNajbli\u017csze spotkanie zorganizowane b\u0119dzie dla przedsi\u0119biorstw z Bia\u0142ej Podlaskiej.<\/p>\n\n\n\n<p>Podczas wydarzenia renomowani prelegenci z wiod\u0105cych kancelarii prawnych prezentowa\u0107 b\u0119d\u0105 m.in. najbardziej istotne zmiany w przepisach dotycz\u0105cych firm w 2018 roku, w tym: RODO, VAT, PIT, CIT, za\u015b go\u015bciem specjalnym spotkania b\u0119dzie Otylia J\u0119drzejczak, rekordzistka \u015bwiata, mistrzyni olimpijska, mistrzyni \u015bwiata i Europy w p\u0142ywaniu, kt\u00f3ra opowie o tym jak motywacj\u0119 sportow\u0105 prze\u0142o\u017cy\u0107 na sukcesy w biznesie i jak by\u0107 mistrzem \u015bwiata w swojej firmie i w \u017cyciu prywatnym.<br>\nZach\u0119camy do uczestnictwa w spotkaniu, gdy\u017c wydarzenie \u201eBiznes Lubelskie\u201d jest doskona\u0142\u0105 okazj\u0105 m. in. do spotkania innych przedstawicieli z firm i samorz\u0105dowc\u00f3w z Bia\u0142ej Podlaskiej oraz nawi\u0105zania z nimi relacji biznesowych.<br>\nUdzia\u0142 w spotkaniu jest bezp\u0142atny.<\/p>\n\n\n\n<p>Rejestracja na spotkanie odbywa si\u0119 za po\u015brednictwem formularza rejestracyjnego, kt\u00f3ry znajduje si\u0119 na stronie: www.invest.lubelskie.pl\/cykl-spotkan-biznes-lubelskie <\/p>\n","protected":false},"excerpt":{"rendered":"<p>Data: 2018-06-25 Kolejne spotkanie w ramach cyklu &#8222;Biznes Lubelskie&#8221;. Informujemy, \u017ce Marsza\u0142ek Wojew\u00f3dztwa Lubelskiego &#8211; S\u0142awomir Sosnowski &#8211; zaprasza do udzia\u0142u w SPOTKANIU Z CYKLU \u201eBIZNES LUBELSKIE\u201d. Wydarzenie odb\u0119dzie si\u0119 w Bia\u0142ej Podlaskiej ju\u017c 27 czerwca 2018 r. (\u015broda) w godzinach 15:30-19:30 &#8211; rejestracja od godz. 15:00, Hotel-Restauracja Dukat, ul. [&hellip;]<\/p>\n","protected":false},"author":1,"featured_media":0,"comment_status":"closed","ping_status":"closed","sticky":false,"template":"","format":"standard","meta":[],"categories":[5],"tags":[],"_links":{"self":[{"href":"https:\/\/bpig.pl\/index.php\/wp-json\/wp\/v2\/posts\/28"}],"collection":[{"href":"https:\/\/bpig.pl\/index.php\/wp-json\/wp\/v2\/posts"}],"about":[{"href":"https:\/\/bpig.pl\/index.php\/wp-json\/wp\/v2\/types\/post"}],"author":[{"embeddable":true,"href":"https:\/\/bpig.pl\/index.php\/wp-json\/wp\/v2\/users\/1"}],"replies":[{"embeddable":true,"href":"https:\/\/bpig.pl\/index.php\/wp-json\/wp\/v2\/comments?post=28"}],"version-history":[{"count":1,"href":"https:\/\/bpig.pl\/index.php\/wp-json\/wp\/v2\/posts\/28\/revisions"}],"predecessor-version":[{"id":29,"href":"https:\/\/bpig.pl\/index.php\/wp-json\/wp\/v2\/posts\/28\/revisions\/29"}],"wp:attachment":[{"href":"https:\/\/bpig.pl\/index.php\/wp-json\/wp\/v2\/media?parent=28"}],"wp:term":[{"taxonomy":"category","embeddable":true,"href":"https:\/\/bpig.pl\/index.php\/wp-json\/wp\/v2\/categories?post=28"},{"taxonomy":"post_tag","embeddable":true,"href":"https:\/\/bpig.pl\/index.php\/wp-json\/wp\/v2\/tags?post=28"}],"curies":[{"name":"wp","href":"https:\/\/api.w.org\/{rel}","templated":true}]}}