{"id":34,"date":"2018-08-17T15:02:53","date_gmt":"2018-08-17T13:02:53","guid":{"rendered":"http:\/\/bpig.pl\/wordpress\/?p=34"},"modified":"2019-10-31T21:23:16","modified_gmt":"2019-10-31T20:23:16","slug":"drugi-cykl-spotkan-biznes-lubelskie-2018","status":"publish","type":"post","link":"https:\/\/bpig.pl\/index.php\/2018\/08\/17\/drugi-cykl-spotkan-biznes-lubelskie-2018\/","title":{"rendered":"Drugi cykl spotka\u0144 Biznes Lubelskie 2018"},"content":{"rendered":"\n<p>Data: 2018-08-17<br>\nDrugi cykl spotka\u0144 Biznes Lubelskie 2018<\/p>\n\n\n\n<p>Rusza drugi cykl spotka\u0144 \u201eBiznes Lubelskie 2018\u201d: sztuka prezentacji recept\u0105 na sukces<br>\nJak odnie\u015b\u0107 sukces w biznesie na Lubelszczy\u017anie? O tym opowiedz\u0105 wyk\u0142adowcy drugiego cyklu bezp\u0142atnych spotka\u0144 w ramach programu \u201eBiznes Lubelskie 2018\u201d. W role prelegent\u00f3w wciel\u0105 si\u0119 praktycy &#8211; szefowie firm, kt\u00f3rym uda\u0142o si\u0119 odnie\u015b\u0107 sukces na rynku og\u00f3lnopolskim oraz dziennikarze TVP i Polsatu, kt\u00f3rzy ods\u0142oni\u0105 tajemnice autoprezentacji. Najbli\u017csze spotkanie w Bia\u0142ej Podlaskiej odb\u0119dzie si\u0119 28 sierpnia o godz. 16:30 w Hotelu Dukat.<br>\nDruga ods\u0142ona cyklu sk\u0142ada si\u0119 z 24 spotka\u0144 w ca\u0142ym wojew\u00f3dztwie lubelskim i adresowana jest g\u0142\u00f3wnie do przedsi\u0119biorc\u00f3w, pracodawc\u00f3w i pracownik\u00f3w mikroprzedsi\u0119biorstw oraz przedstawicieli instytucji otoczenia biznesu. O tym, jak osi\u0105gn\u0105\u0107 sukces w biznesie na Lubelszczy\u017anie i skutecznie promowa\u0107 swoje przedsi\u0119biorstwo, opowie Robert Suszko, szef Bon Appetit Sp. z o. o. Z kolei redaktor Anna D\u0105browska, wielokrotnie nagradzana i wyr\u00f3\u017cniana dziennikarka TVP3 Lublin, podpowie jak najlepiej zaprezentowa\u0107 si\u0119 podczas publicznych wyst\u0105pie\u0144 w biznesie oraz w rozmowie z mediami i przed kamer\u0105.<br>\nNa konferencji pracownicy Urz\u0119du Marsza\u0142kowskiego Wojew\u00f3dztwa Lubelskiego opowiedz\u0105 tak\u017ce o mo\u017cliwo\u015bciach atrakcyjnego wsparcia dzia\u0142alno\u015bci firm, m.in. w zakresie promocji, udzia\u0142u w targach i misjach zagranicznych, t\u0142umacze\u0144 itp. Wydarzenie zako\u0144czy si\u0119 wsp\u00f3ln\u0105 kolacj\u0105, kt\u00f3ra b\u0119dzie okazj\u0105 do networkingu, czyli wymiany do\u015bwiadcze\u0144, dyskusji i wzajemnego poznania si\u0119 uczestnik\u00f3w.<br>\nUdzia\u0142 w spotkaniu jest bezp\u0142atny. Liczba miejsc na wydarzeniu jest ograniczona. Rejestracja do udzia\u0142u odbywa si\u0119 poprzez formularz na stronie internetowej: http:\/\/invest.lubelskie.pl\/pl\/cykl-spotkan-biznes-lubelskie.<br>\nSpotkania z cyklu \u201eBiznes Lubelskie 2018\u201d organizowane s\u0105 przez agencj\u0119 Cumulus PR Sp. z o.o. oraz Grup\u0119 ITM na zlecenie Urz\u0119du Marsza\u0142kowskiego Wojew\u00f3dztwa Lubelskiego.<br>\nBiznes Lubelskie 2018 to inicjatywa Urz\u0119du Marsza\u0142kowskiego Wojew\u00f3dztwa Lubelskiego skierowana do przedsi\u0119biorc\u00f3w, jednostek samorz\u0105du terytorialnego i instytucji otoczenia biznesu z Lubelszczyzny. Spotkania o charakterze szkoleniowo-informacyjnym organizowane s\u0105 we wszystkich powiatach wojew\u00f3dztwa lubelskiego oraz w powiatach grodzkich. W inauguracyjnym cyklu programu, kt\u00f3ry zako\u0144czy\u0142 si\u0119 w pierwszym p\u00f3\u0142roczu 2018 r., wzi\u0119\u0142o udzia\u0142 1552 przedstawicieli z 1012 firm i instytucji. W\u015br\u00f3d prelegent\u00f3w pierwszego cyklu znale\u017ali si\u0119 m.in. wybitni polscy sportowcy, kt\u00f3rzy opowiadali o motywacji w biznesie. <\/p>\n","protected":false},"excerpt":{"rendered":"<p>Data: 2018-08-17 Drugi cykl spotka\u0144 Biznes Lubelskie 2018 Rusza drugi cykl spotka\u0144 \u201eBiznes Lubelskie 2018\u201d: sztuka prezentacji recept\u0105 na sukces Jak odnie\u015b\u0107 sukces w biznesie na Lubelszczy\u017anie? O tym opowiedz\u0105 wyk\u0142adowcy drugiego cyklu bezp\u0142atnych spotka\u0144 w ramach programu \u201eBiznes Lubelskie 2018\u201d. W role prelegent\u00f3w wciel\u0105 si\u0119 praktycy &#8211; szefowie firm, [&hellip;]<\/p>\n","protected":false},"author":1,"featured_media":0,"comment_status":"closed","ping_status":"open","sticky":false,"template":"","format":"standard","meta":[],"categories":[5],"tags":[],"_links":{"self":[{"href":"https:\/\/bpig.pl\/index.php\/wp-json\/wp\/v2\/posts\/34"}],"collection":[{"href":"https:\/\/bpig.pl\/index.php\/wp-json\/wp\/v2\/posts"}],"about":[{"href":"https:\/\/bpig.pl\/index.php\/wp-json\/wp\/v2\/types\/post"}],"author":[{"embeddable":true,"href":"https:\/\/bpig.pl\/index.php\/wp-json\/wp\/v2\/users\/1"}],"replies":[{"embeddable":true,"href":"https:\/\/bpig.pl\/index.php\/wp-json\/wp\/v2\/comments?post=34"}],"version-history":[{"count":1,"href":"https:\/\/bpig.pl\/index.php\/wp-json\/wp\/v2\/posts\/34\/revisions"}],"predecessor-version":[{"id":35,"href":"https:\/\/bpig.pl\/index.php\/wp-json\/wp\/v2\/posts\/34\/revisions\/35"}],"wp:attachment":[{"href":"https:\/\/bpig.pl\/index.php\/wp-json\/wp\/v2\/media?parent=34"}],"wp:term":[{"taxonomy":"category","embeddable":true,"href":"https:\/\/bpig.pl\/index.php\/wp-json\/wp\/v2\/categories?post=34"},{"taxonomy":"post_tag","embeddable":true,"href":"https:\/\/bpig.pl\/index.php\/wp-json\/wp\/v2\/tags?post=34"}],"curies":[{"name":"wp","href":"https:\/\/api.w.org\/{rel}","templated":true}]}}