{"id":376,"date":"2019-11-19T09:44:09","date_gmt":"2019-11-19T08:44:09","guid":{"rendered":"http:\/\/bpig.pl\/?p=376"},"modified":"2019-11-21T09:24:56","modified_gmt":"2019-11-21T08:24:56","slug":"zmiana-prezesa-bpig","status":"publish","type":"post","link":"https:\/\/bpig.pl\/index.php\/2019\/11\/19\/zmiana-prezesa-bpig\/","title":{"rendered":"Zmiana Prezesa BPIG"},"content":{"rendered":"\n<p>Informujemy, \u017ce w zwi\u0105zku z rezygnacj\u0105 Pana Eugeniusza Izdebskiego z funkcji Prezesa Bialskopodlaskiej Izby Gospodarczej Rada BPIG w dniu 18 listopada 2019 r. powo\u0142a\u0142a na Prezesa Izby Pana Leszka Horeglada.  Pan Eugeniusz Izdebski pozostaje nadal Cz\u0142onkiem Rady BPIG.<\/p>\n","protected":false},"excerpt":{"rendered":"<p>Informujemy, \u017ce w zwi\u0105zku z rezygnacj\u0105 Pana Eugeniusza Izdebskiego z funkcji Prezesa Bialskopodlaskiej Izby Gospodarczej Rada BPIG w dniu 18 listopada 2019 r. powo\u0142a\u0142a na Prezesa Izby Pana Leszka Horeglada. Pan Eugeniusz Izdebski pozostaje nadal Cz\u0142onkiem Rady BPIG.<\/p>\n","protected":false},"author":2,"featured_media":0,"comment_status":"closed","ping_status":"open","sticky":false,"template":"","format":"standard","meta":[],"categories":[5],"tags":[],"_links":{"self":[{"href":"https:\/\/bpig.pl\/index.php\/wp-json\/wp\/v2\/posts\/376"}],"collection":[{"href":"https:\/\/bpig.pl\/index.php\/wp-json\/wp\/v2\/posts"}],"about":[{"href":"https:\/\/bpig.pl\/index.php\/wp-json\/wp\/v2\/types\/post"}],"author":[{"embeddable":true,"href":"https:\/\/bpig.pl\/index.php\/wp-json\/wp\/v2\/users\/2"}],"replies":[{"embeddable":true,"href":"https:\/\/bpig.pl\/index.php\/wp-json\/wp\/v2\/comments?post=376"}],"version-history":[{"count":2,"href":"https:\/\/bpig.pl\/index.php\/wp-json\/wp\/v2\/posts\/376\/revisions"}],"predecessor-version":[{"id":378,"href":"https:\/\/bpig.pl\/index.php\/wp-json\/wp\/v2\/posts\/376\/revisions\/378"}],"wp:attachment":[{"href":"https:\/\/bpig.pl\/index.php\/wp-json\/wp\/v2\/media?parent=376"}],"wp:term":[{"taxonomy":"category","embeddable":true,"href":"https:\/\/bpig.pl\/index.php\/wp-json\/wp\/v2\/categories?post=376"},{"taxonomy":"post_tag","embeddable":true,"href":"https:\/\/bpig.pl\/index.php\/wp-json\/wp\/v2\/tags?post=376"}],"curies":[{"name":"wp","href":"https:\/\/api.w.org\/{rel}","templated":true}]}}