{"id":841,"date":"2020-02-27T12:20:56","date_gmt":"2020-02-27T11:20:56","guid":{"rendered":"http:\/\/bpig.pl\/?p=841"},"modified":"2020-02-27T12:21:25","modified_gmt":"2020-02-27T11:21:25","slug":"staze-dla-osob-bezrobotnych-2","status":"publish","type":"post","link":"https:\/\/bpig.pl\/index.php\/2020\/02\/27\/staze-dla-osob-bezrobotnych-2\/","title":{"rendered":"Sta\u017ce dla os\u00f3b bezrobotnych"},"content":{"rendered":"\n<h2><\/h2>\n\n\n\n<p>Informujemy,  \u017ce od 2 do 6 marca 2020 r. w Powiatowym Urz\u0119dzie Pracy w Bia\u0142ej  Podlaskiej&nbsp;przyjmowane b\u0119d\u0105 wnioski&nbsp;o  zorganizowanie&nbsp;sta\u017cy&nbsp;dla&nbsp;os\u00f3b&nbsp;bezrobotnych.&nbsp; Szczeg\u00f3\u0142y:  <a href=\"https:\/\/bialapodlaska.praca.gov.pl\/-\/11585699-staz \">https:\/\/bialapodlaska.praca.gov.pl\/-\/11585699-staz <\/a><\/p>\n","protected":false},"excerpt":{"rendered":"<p>Informujemy, \u017ce od 2 do 6 marca 2020 r. w Powiatowym Urz\u0119dzie Pracy w Bia\u0142ej Podlaskiej&nbsp;przyjmowane b\u0119d\u0105 wnioski&nbsp;o zorganizowanie&nbsp;sta\u017cy&nbsp;dla&nbsp;os\u00f3b&nbsp;bezrobotnych.&nbsp; Szczeg\u00f3\u0142y: https:\/\/bialapodlaska.praca.gov.pl\/-\/11585699-staz<\/p>\n","protected":false},"author":2,"featured_media":0,"comment_status":"closed","ping_status":"open","sticky":false,"template":"","format":"standard","meta":[],"categories":[5],"tags":[],"_links":{"self":[{"href":"https:\/\/bpig.pl\/index.php\/wp-json\/wp\/v2\/posts\/841"}],"collection":[{"href":"https:\/\/bpig.pl\/index.php\/wp-json\/wp\/v2\/posts"}],"about":[{"href":"https:\/\/bpig.pl\/index.php\/wp-json\/wp\/v2\/types\/post"}],"author":[{"embeddable":true,"href":"https:\/\/bpig.pl\/index.php\/wp-json\/wp\/v2\/users\/2"}],"replies":[{"embeddable":true,"href":"https:\/\/bpig.pl\/index.php\/wp-json\/wp\/v2\/comments?post=841"}],"version-history":[{"count":2,"href":"https:\/\/bpig.pl\/index.php\/wp-json\/wp\/v2\/posts\/841\/revisions"}],"predecessor-version":[{"id":843,"href":"https:\/\/bpig.pl\/index.php\/wp-json\/wp\/v2\/posts\/841\/revisions\/843"}],"wp:attachment":[{"href":"https:\/\/bpig.pl\/index.php\/wp-json\/wp\/v2\/media?parent=841"}],"wp:term":[{"taxonomy":"category","embeddable":true,"href":"https:\/\/bpig.pl\/index.php\/wp-json\/wp\/v2\/categories?post=841"},{"taxonomy":"post_tag","embeddable":true,"href":"https:\/\/bpig.pl\/index.php\/wp-json\/wp\/v2\/tags?post=841"}],"curies":[{"name":"wp","href":"https:\/\/api.w.org\/{rel}","templated":true}]}}