{"id":918,"date":"2020-07-08T14:00:57","date_gmt":"2020-07-08T12:00:57","guid":{"rendered":"http:\/\/bpig.pl\/?p=918"},"modified":"2020-07-15T11:04:17","modified_gmt":"2020-07-15T09:04:17","slug":"walne-zgromadzenie-czlonkow-bialskopodlaskiej-izby-gospodarczej","status":"publish","type":"post","link":"https:\/\/bpig.pl\/index.php\/2020\/07\/08\/walne-zgromadzenie-czlonkow-bialskopodlaskiej-izby-gospodarczej\/","title":{"rendered":"Walne Zgromadzenie Cz\u0142onk\u00f3w Bialskopodlaskiej Izby Gospodarczej"},"content":{"rendered":"\n<table class=\"wp-block-table\"><tbody><tr><td><\/td><\/tr><tr><td><\/td><td><\/td><\/tr><\/tbody><\/table>\n\n\n\n<p style=\"text-align:center\">Og\u0142oszenie o Walnym Zgromadzeniu <\/p>\n\n\n\n<p style=\"text-align:center\">\nCz\u0142onk\u00f3w i Przedstawicieli Cz\u0142onk\u00f3w Bialskopodlaskiej Izby Gospodarczej\n\n<\/p>\n\n\n\n<figure class=\"wp-block-image\"><img alt=\"\"\/><\/figure>\n\n\n\n<p style=\"text-align:center\">Uprzejmie zapraszamy do wzi\u0119cia udzia\u0142u w Walnym Zgromadzeniu Cz\u0142onk\u00f3w i Przedstawicieli Cz\u0142onk\u00f3w Bialskopodlaskiej Izby Gospodarczej, kt\u00f3re odb\u0119dzie si\u0119            <\/p>\n\n\n\n<p style=\"text-align:center\"><strong>27 sierpnia 2020 r. o godz. 14.00 w siedzibie Izby <\/strong><\/p>\n\n\n\n<p style=\"text-align:center\">w Bia\u0142ej Podlaskiej przy ul. Brzeskiej 1 lok. 7.  <\/p>\n\n\n\n<p style=\"text-align:center\">Drugi termin wyznaczony jest na godz. <strong>14.30 <\/strong>z zachowaniem daty i miejsca obrad. <\/p>\n\n\n\n<p>Proponowany porz\u0105dek obrad\nWalnego Zgromadzenia:<\/p>\n\n\n\n<ol><li>Otwarcie obrad.<\/li><li>Wyb\u00f3r Przewodnicz\u0105cego\ni Sekretarza Walnego Zgromadzenia.<\/li><li>Uchwalenie\nregulaminu obrad.<\/li><li>Wyb\u00f3r komisji.<\/li><li>Sprawozdanie z\ndzia\u0142alno\u015bci Rady BPIG i kierunk\u00f3w dzia\u0142ania Izby.<\/li><li>Sprawozdanie\nKomisji Rewizyjnej.<\/li><li>Dyskusja i rozpatrzenie\nwniosku Komisji Rewizyjnej w sprawie udzielenia absolutorium organom Izby za\nokres obj\u0119ty sprawozdaniem.<\/li><li>Wolne wnioski.<\/li><\/ol>\n\n\n\n<p style=\"text-align:right\">                                                                                                                              Leszek K. Horeglad                                                                                              &#8211; Prezes BPIG <\/p>\n\n\n\n<figure class=\"wp-block-image\"><img src=\"\" alt=\"\"\/><\/figure>\n\n\n\n<p><\/p>\n\n\n\n<p>                  <\/p>\n\n\n\n<p>&nbsp;&nbsp;&nbsp;&nbsp;                                                                                                          <\/p>\n","protected":false},"excerpt":{"rendered":"<p>Og\u0142oszenie o Walnym Zgromadzeniu Cz\u0142onk\u00f3w i Przedstawicieli Cz\u0142onk\u00f3w Bialskopodlaskiej Izby Gospodarczej Uprzejmie zapraszamy do wzi\u0119cia udzia\u0142u w Walnym Zgromadzeniu Cz\u0142onk\u00f3w i Przedstawicieli Cz\u0142onk\u00f3w Bialskopodlaskiej Izby Gospodarczej, kt\u00f3re odb\u0119dzie si\u0119 27 sierpnia 2020 r. o godz. 14.00 w siedzibie Izby w Bia\u0142ej Podlaskiej przy ul. Brzeskiej 1 lok. 7. Drugi termin [&hellip;]<\/p>\n","protected":false},"author":2,"featured_media":0,"comment_status":"closed","ping_status":"open","sticky":false,"template":"","format":"standard","meta":[],"categories":[5],"tags":[],"_links":{"self":[{"href":"https:\/\/bpig.pl\/index.php\/wp-json\/wp\/v2\/posts\/918"}],"collection":[{"href":"https:\/\/bpig.pl\/index.php\/wp-json\/wp\/v2\/posts"}],"about":[{"href":"https:\/\/bpig.pl\/index.php\/wp-json\/wp\/v2\/types\/post"}],"author":[{"embeddable":true,"href":"https:\/\/bpig.pl\/index.php\/wp-json\/wp\/v2\/users\/2"}],"replies":[{"embeddable":true,"href":"https:\/\/bpig.pl\/index.php\/wp-json\/wp\/v2\/comments?post=918"}],"version-history":[{"count":5,"href":"https:\/\/bpig.pl\/index.php\/wp-json\/wp\/v2\/posts\/918\/revisions"}],"predecessor-version":[{"id":923,"href":"https:\/\/bpig.pl\/index.php\/wp-json\/wp\/v2\/posts\/918\/revisions\/923"}],"wp:attachment":[{"href":"https:\/\/bpig.pl\/index.php\/wp-json\/wp\/v2\/media?parent=918"}],"wp:term":[{"taxonomy":"category","embeddable":true,"href":"https:\/\/bpig.pl\/index.php\/wp-json\/wp\/v2\/categories?post=918"},{"taxonomy":"post_tag","embeddable":true,"href":"https:\/\/bpig.pl\/index.php\/wp-json\/wp\/v2\/tags?post=918"}],"curies":[{"name":"wp","href":"https:\/\/api.w.org\/{rel}","templated":true}]}}