{"id":942,"date":"2020-07-27T12:12:11","date_gmt":"2020-07-27T10:12:11","guid":{"rendered":"http:\/\/bpig.pl\/?p=942"},"modified":"2020-07-27T12:12:12","modified_gmt":"2020-07-27T10:12:12","slug":"staze-dla-osob-bezrobotnych-3","status":"publish","type":"post","link":"https:\/\/bpig.pl\/index.php\/2020\/07\/27\/staze-dla-osob-bezrobotnych-3\/","title":{"rendered":"Sta\u017ce dla os\u00f3b bezrobotnych"},"content":{"rendered":"\n<p>Informujemy, i\u017c <strong>od 27 do 31 lipca 2020 r. <\/strong>w\nPowiatowym Urz\u0119dzie Pracy w Bia\u0142ej Podlaskiej&nbsp;przyjmowane b\u0119d\u0105\nwnioski&nbsp;o\nzorganizowanie&nbsp;sta\u017cy&nbsp;dla&nbsp;os\u00f3b&nbsp;bezrobotnych.&nbsp;<\/p>\n\n\n\n<p>Szczeg\u00f3\u0142y: <a href=\"https:\/\/bialapodlaska.praca.gov.pl\/-\/12985083-informacja-o-mozliwosci-skladania-wnioskow-o-zorganizowanie-stazu\">https:\/\/bialapodlaska.praca.gov.pl\/-\/12985083-informacja-o-mozliwosci-skladania-wnioskow-o-zorganizowanie-stazu<\/a><\/p>\n","protected":false},"excerpt":{"rendered":"<p>Informujemy, i\u017c od 27 do 31 lipca 2020 r. w Powiatowym Urz\u0119dzie Pracy w Bia\u0142ej Podlaskiej&nbsp;przyjmowane b\u0119d\u0105 wnioski&nbsp;o zorganizowanie&nbsp;sta\u017cy&nbsp;dla&nbsp;os\u00f3b&nbsp;bezrobotnych.&nbsp; Szczeg\u00f3\u0142y: https:\/\/bialapodlaska.praca.gov.pl\/-\/12985083-informacja-o-mozliwosci-skladania-wnioskow-o-zorganizowanie-stazu<\/p>\n","protected":false},"author":2,"featured_media":0,"comment_status":"closed","ping_status":"open","sticky":false,"template":"","format":"standard","meta":[],"categories":[5],"tags":[],"_links":{"self":[{"href":"https:\/\/bpig.pl\/index.php\/wp-json\/wp\/v2\/posts\/942"}],"collection":[{"href":"https:\/\/bpig.pl\/index.php\/wp-json\/wp\/v2\/posts"}],"about":[{"href":"https:\/\/bpig.pl\/index.php\/wp-json\/wp\/v2\/types\/post"}],"author":[{"embeddable":true,"href":"https:\/\/bpig.pl\/index.php\/wp-json\/wp\/v2\/users\/2"}],"replies":[{"embeddable":true,"href":"https:\/\/bpig.pl\/index.php\/wp-json\/wp\/v2\/comments?post=942"}],"version-history":[{"count":1,"href":"https:\/\/bpig.pl\/index.php\/wp-json\/wp\/v2\/posts\/942\/revisions"}],"predecessor-version":[{"id":943,"href":"https:\/\/bpig.pl\/index.php\/wp-json\/wp\/v2\/posts\/942\/revisions\/943"}],"wp:attachment":[{"href":"https:\/\/bpig.pl\/index.php\/wp-json\/wp\/v2\/media?parent=942"}],"wp:term":[{"taxonomy":"category","embeddable":true,"href":"https:\/\/bpig.pl\/index.php\/wp-json\/wp\/v2\/categories?post=942"},{"taxonomy":"post_tag","embeddable":true,"href":"https:\/\/bpig.pl\/index.php\/wp-json\/wp\/v2\/tags?post=942"}],"curies":[{"name":"wp","href":"https:\/\/api.w.org\/{rel}","templated":true}]}}